{"id":52968,"date":"2008-03-14T15:01:54","date_gmt":"2008-03-14T14:01:54","guid":{"rendered":"https:\/\/mediarun.com\/index.php\/news-posts\/zmiany-w-glosie-dzienniku-pomorza\/"},"modified":"2008-03-14T15:01:54","modified_gmt":"2008-03-14T14:01:54","slug":"zmiany-w-glosie-dzienniku-pomorza","status":"publish","type":"post","link":"https:\/\/mediarun.com\/pl\/media\/prasa\/zmiany-w-glosie-dzienniku-pomorza.html","title":{"rendered":"Zmiany w G\u0142osie Dzienniku Pomorza"},"content":{"rendered":"<p>Krzysztof Na\u0142\u0119cz dotychczas by\u0142 zast\u0119pc\u0105 redaktora naczelnego G\u0142osu Dziennika Pomorza. Wcze\u015bniej m.in. pisa\u0142 do dziennika Nowy Dzie\u0144. Przez 14 lat pracowa\u0142 w oddzia\u0142ach lokalnych Gazety Wyborczej.<\/p>\n","protected":false},"excerpt":{"rendered":"Krzysztof Na\u0142\u0119cz zosta\u0142 nowym redaktorem naczelnym G\u0142osu Dziennika Pomorza, wydawanego przez Media Regionalne. Zast\u0105pi\u0142 na tym stanowisku Marka Kromera.","protected":false},"author":1,"featured_media":52969,"comment_status":"open","ping_status":"closed","sticky":false,"template":"","format":"standard","meta":{"csco_display_header_overlay":false,"csco_singular_sidebar":"","csco_page_header_type":"","csco_page_load_nextpost":"","csco_post_video_location":[],"csco_post_video_location_hash":"","csco_post_video_url":"","csco_post_video_bg_start_time":0,"csco_post_video_bg_end_time":0,"footnotes":""},"categories":[9673],"tags":[187],"class_list":{"0":"post-52968","1":"post","2":"type-post","3":"status-publish","4":"format-standard","5":"has-post-thumbnail","7":"category-prasa","8":"tag-media-regionalne","9":"cs-entry","10":"cs-video-wrap"},"_links":{"self":[{"href":"https:\/\/mediarun.com\/pl\/wp-json\/wp\/v2\/posts\/52968","targetHints":{"allow":["GET"]}}],"collection":[{"href":"https:\/\/mediarun.com\/pl\/wp-json\/wp\/v2\/posts"}],"about":[{"href":"https:\/\/mediarun.com\/pl\/wp-json\/wp\/v2\/types\/post"}],"author":[{"embeddable":true,"href":"https:\/\/mediarun.com\/pl\/wp-json\/wp\/v2\/users\/1"}],"replies":[{"embeddable":true,"href":"https:\/\/mediarun.com\/pl\/wp-json\/wp\/v2\/comments?post=52968"}],"version-history":[{"count":0,"href":"https:\/\/mediarun.com\/pl\/wp-json\/wp\/v2\/posts\/52968\/revisions"}],"wp:featuredmedia":[{"embeddable":true,"href":"https:\/\/mediarun.com\/pl\/wp-json\/wp\/v2\/media\/52969"}],"wp:attachment":[{"href":"https:\/\/mediarun.com\/pl\/wp-json\/wp\/v2\/media?parent=52968"}],"wp:term":[{"taxonomy":"category","embeddable":true,"href":"https:\/\/mediarun.com\/pl\/wp-json\/wp\/v2\/categories?post=52968"},{"taxonomy":"post_tag","embeddable":true,"href":"https:\/\/mediarun.com\/pl\/wp-json\/wp\/v2\/tags?post=52968"}],"curies":[{"name":"wp","href":"https:\/\/api.w.org\/{rel}","templated":true}]}}