{"id":52786,"date":"2008-03-20T13:26:36","date_gmt":"2008-03-20T12:26:36","guid":{"rendered":"https:\/\/mediarun.com\/index.php\/news-posts\/lis-nie-poprowadzi-wiadomosci\/"},"modified":"2008-03-20T13:26:36","modified_gmt":"2008-03-20T12:26:36","slug":"lis-nie-poprowadzi-wiadomosci","status":"publish","type":"post","link":"https:\/\/mediarun.com\/pl\/media\/tv\/lis-nie-poprowadzi-wiadomosci.html","title":{"rendered":"Lis nie poprowadzi &#8222;Wiadomo\u015bci&#8221;?"},"content":{"rendered":"<p>z prezesem telewizji Andrzejem Urba\u0144skim &#8211; podaje Rzeczpospolita. Wed\u0142ug gazety, harmonogram &#8222;Wiadomo\u015bci&#8221; na kwiecie\u0144 musi by\u0107 ustalony do 26 marca.<\/p>\n<p>Jeden z pracownik&oacute;w TVP zdradzi\u0142 dziennikowi, \u017ce powodem braku porozumienia s\u0105 pieni\u0105dze; nie tylko suma wynagrodzenia, ale i wysoko\u015b\u0107 ewentualnej odprawy. Hanna Lis zaprzecza tym informacjom i twierdzi, \u017ce kwestie finansowe s\u0105 ju\u017c ustalone, a chodzi o wzmocnienie personalne potrzebne &#8222;Wiadomo\u015bciom&#8221;.<\/p>\n<p>Rzeczpospolita podaje, \u017ce Hanna Lis chce \u015bci\u0105gn\u0105\u0107 do TVP nawet o\u015bmiu nowych cz\u0142onk&oacute;w ekipy. Ofert\u0119 mieli dosta\u0107 m.in. Beata Grabarczyk, Tomasz Macha\u0142a (oboje z Polsatu) i Marcin Firlej z TVN24.<\/p>\n","protected":false},"excerpt":{"rendered":"Hanna Lis mo\u017ce nie poprowadzi\u0107 &#8222;Wiadomo\u015bci&#8221; w TVP. Prezenterka od grudnia negocjuje warunki umowy i nadal nie dosz\u0142a do porozumienia&#8230;","protected":false},"author":1,"featured_media":52787,"comment_status":"open","ping_status":"closed","sticky":false,"template":"","format":"standard","meta":{"csco_display_header_overlay":false,"csco_singular_sidebar":"","csco_page_header_type":"","csco_page_load_nextpost":"","csco_post_video_location":[],"csco_post_video_location_hash":"","csco_post_video_url":"","csco_post_video_bg_start_time":0,"csco_post_video_bg_end_time":0,"footnotes":""},"categories":[9670],"tags":[1096],"class_list":{"0":"post-52786","1":"post","2":"type-post","3":"status-publish","4":"format-standard","5":"has-post-thumbnail","7":"category-tv","8":"tag-wiadomosci","9":"cs-entry","10":"cs-video-wrap"},"_links":{"self":[{"href":"https:\/\/mediarun.com\/pl\/wp-json\/wp\/v2\/posts\/52786","targetHints":{"allow":["GET"]}}],"collection":[{"href":"https:\/\/mediarun.com\/pl\/wp-json\/wp\/v2\/posts"}],"about":[{"href":"https:\/\/mediarun.com\/pl\/wp-json\/wp\/v2\/types\/post"}],"author":[{"embeddable":true,"href":"https:\/\/mediarun.com\/pl\/wp-json\/wp\/v2\/users\/1"}],"replies":[{"embeddable":true,"href":"https:\/\/mediarun.com\/pl\/wp-json\/wp\/v2\/comments?post=52786"}],"version-history":[{"count":0,"href":"https:\/\/mediarun.com\/pl\/wp-json\/wp\/v2\/posts\/52786\/revisions"}],"wp:featuredmedia":[{"embeddable":true,"href":"https:\/\/mediarun.com\/pl\/wp-json\/wp\/v2\/media\/52787"}],"wp:attachment":[{"href":"https:\/\/mediarun.com\/pl\/wp-json\/wp\/v2\/media?parent=52786"}],"wp:term":[{"taxonomy":"category","embeddable":true,"href":"https:\/\/mediarun.com\/pl\/wp-json\/wp\/v2\/categories?post=52786"},{"taxonomy":"post_tag","embeddable":true,"href":"https:\/\/mediarun.com\/pl\/wp-json\/wp\/v2\/tags?post=52786"}],"curies":[{"name":"wp","href":"https:\/\/api.w.org\/{rel}","templated":true}]}}