{"id":52668,"date":"2008-03-26T14:23:06","date_gmt":"2008-03-26T13:23:06","guid":{"rendered":"https:\/\/mediarun.com\/index.php\/news-posts\/pawlowski-naczelnym-polski-glosu-wielkopolskiego\/"},"modified":"2008-03-26T14:23:06","modified_gmt":"2008-03-26T13:23:06","slug":"pawlowski-naczelnym-polski-glosu-wielkopolskiego","status":"publish","type":"post","link":"https:\/\/mediarun.com\/pl\/media\/prasa\/pawlowski-naczelnym-polski-glosu-wielkopolskiego.html","title":{"rendered":"Paw\u0142owski naczelnym Polski G\u0142osu Wielkopolskiego"},"content":{"rendered":"<p>Adam Paw\u0142owski na stanowisku redaktora naczenego Polski G\u0142osu Wielkopolskiego zast\u0105pi Jaros\u0142awa Piotrowskiego, kt&oacute;ry od sierpnia 2007 r. przebywa\u0142 na zwolnieniu lekarskim. W tym czasie obowi\u0105zki naczelnego gazety pe\u0142ni\u0142 w\u0142a\u015bnie Adam Paw\u0142owski.<\/p>\n<p>Adam Paw\u0142owski pracuje w wydawnictwie od 2000 roku. By\u0142 m.in. zast\u0119pc\u0105 redaktora naczelnego G\u0142osu Wielkopolskiego i redaktorem naczelnym Gazety Pozna\u0144skiej.<\/p>\n","protected":false},"excerpt":{"rendered":"Adam Paw\u0142owski b\u0119dzie od kwietnia redaktorem naczelnym Polski G\u0142osu Wielkopolskiego.","protected":false},"author":1,"featured_media":52669,"comment_status":"open","ping_status":"closed","sticky":false,"template":"","format":"standard","meta":{"csco_display_header_overlay":false,"csco_singular_sidebar":"","csco_page_header_type":"","csco_page_load_nextpost":"","csco_post_video_location":[],"csco_post_video_location_hash":"","csco_post_video_url":"","csco_post_video_bg_start_time":0,"csco_post_video_bg_end_time":0,"footnotes":""},"categories":[9673],"tags":[556,68],"class_list":{"0":"post-52668","1":"post","2":"type-post","3":"status-publish","4":"format-standard","5":"has-post-thumbnail","7":"category-prasa","8":"tag-polska","9":"tag-polskapresse","10":"cs-entry","11":"cs-video-wrap"},"_links":{"self":[{"href":"https:\/\/mediarun.com\/pl\/wp-json\/wp\/v2\/posts\/52668","targetHints":{"allow":["GET"]}}],"collection":[{"href":"https:\/\/mediarun.com\/pl\/wp-json\/wp\/v2\/posts"}],"about":[{"href":"https:\/\/mediarun.com\/pl\/wp-json\/wp\/v2\/types\/post"}],"author":[{"embeddable":true,"href":"https:\/\/mediarun.com\/pl\/wp-json\/wp\/v2\/users\/1"}],"replies":[{"embeddable":true,"href":"https:\/\/mediarun.com\/pl\/wp-json\/wp\/v2\/comments?post=52668"}],"version-history":[{"count":0,"href":"https:\/\/mediarun.com\/pl\/wp-json\/wp\/v2\/posts\/52668\/revisions"}],"wp:featuredmedia":[{"embeddable":true,"href":"https:\/\/mediarun.com\/pl\/wp-json\/wp\/v2\/media\/52669"}],"wp:attachment":[{"href":"https:\/\/mediarun.com\/pl\/wp-json\/wp\/v2\/media?parent=52668"}],"wp:term":[{"taxonomy":"category","embeddable":true,"href":"https:\/\/mediarun.com\/pl\/wp-json\/wp\/v2\/categories?post=52668"},{"taxonomy":"post_tag","embeddable":true,"href":"https:\/\/mediarun.com\/pl\/wp-json\/wp\/v2\/tags?post=52668"}],"curies":[{"name":"wp","href":"https:\/\/api.w.org\/{rel}","templated":true}]}}