{"id":52476,"date":"2008-04-01T00:04:48","date_gmt":"2008-03-31T22:04:48","guid":{"rendered":"https:\/\/mediarun.com\/index.php\/news-posts\/tvn-uruchomi-kanal-dla-gejow\/"},"modified":"2008-04-01T00:04:48","modified_gmt":"2008-03-31T22:04:48","slug":"tvn-uruchomi-kanal-dla-gejow","status":"publish","type":"post","link":"https:\/\/mediarun.com\/pl\/media\/tv\/tvn-uruchomi-kanal-dla-gejow.html","title":{"rendered":"TVN uruchomi kana\u0142 dla gej\u00f3w"},"content":{"rendered":"<p>TVN oficjalnie o stworzeniu kana\u0142u dla gej&oacute;w ma poinformowa\u0107 jeszcze w tym tygodniu. W tym celu do Polski przyjechali Brendan Fay i Tom Moulton, homoseksuali\u015bci z prezydenckiego or\u0119dzia. Na razie TVN t\u0142umaczy ich zaproszenie wyst\u0119pem w programie &#8222;Teraz My&#8221; Tomasza Sekielskiego i Andrzeja Morozowskiego<\/p>\n<p>Kana\u0142 adresowany do homoseksualist&oacute;w rozpocznie nadawanie w lutym lub marcu przysz\u0142ego roku. Jeszcze w kwietniu TVN wyst\u0105pi do KRRiT o przyznanie koncesji dla nowej stacji, kt&oacute;ra ma by\u0107 dost\u0119pna za po\u015brednictwem sieci kablowych i platform cyfrowych.<\/p>\n<p>Nie wiadomo na razie, jak b\u0119dzie si\u0119 nazywa\u0107 nowy kana\u0142. W jego ram&oacute;wce znajd\u0105 si\u0119 filmy dokumentalne, a tak\u017ce magazyny tematyczne i talk &#8211; shows. Stacja planuje r&oacute;wnie\u017c emitowanie codziennego serwisu informacyjnego, kt&oacute;ry b\u0119dzie prezentowa\u0107 najwa\u017cniejsze wiadomo\u015bci ze \u015bwiata homoseksualist&oacute;w w Polsce i na \u015bwiecie.<\/p>\n","protected":false},"excerpt":{"rendered":"W pierwszej po\u0142owie przysz\u0142ego roku wystartuje kana\u0142 TVN skierowany do gej&oacute;w.","protected":false},"author":1,"featured_media":52477,"comment_status":"open","ping_status":"closed","sticky":false,"template":"","format":"standard","meta":{"csco_display_header_overlay":false,"csco_singular_sidebar":"","csco_page_header_type":"","csco_page_load_nextpost":"","csco_post_video_location":[],"csco_post_video_location_hash":"","csco_post_video_url":"","csco_post_video_bg_start_time":0,"csco_post_video_bg_end_time":0,"footnotes":""},"categories":[9670],"tags":[98],"class_list":{"0":"post-52476","1":"post","2":"type-post","3":"status-publish","4":"format-standard","5":"has-post-thumbnail","7":"category-tv","8":"tag-tvn","9":"cs-entry","10":"cs-video-wrap"},"_links":{"self":[{"href":"https:\/\/mediarun.com\/pl\/wp-json\/wp\/v2\/posts\/52476","targetHints":{"allow":["GET"]}}],"collection":[{"href":"https:\/\/mediarun.com\/pl\/wp-json\/wp\/v2\/posts"}],"about":[{"href":"https:\/\/mediarun.com\/pl\/wp-json\/wp\/v2\/types\/post"}],"author":[{"embeddable":true,"href":"https:\/\/mediarun.com\/pl\/wp-json\/wp\/v2\/users\/1"}],"replies":[{"embeddable":true,"href":"https:\/\/mediarun.com\/pl\/wp-json\/wp\/v2\/comments?post=52476"}],"version-history":[{"count":0,"href":"https:\/\/mediarun.com\/pl\/wp-json\/wp\/v2\/posts\/52476\/revisions"}],"wp:featuredmedia":[{"embeddable":true,"href":"https:\/\/mediarun.com\/pl\/wp-json\/wp\/v2\/media\/52477"}],"wp:attachment":[{"href":"https:\/\/mediarun.com\/pl\/wp-json\/wp\/v2\/media?parent=52476"}],"wp:term":[{"taxonomy":"category","embeddable":true,"href":"https:\/\/mediarun.com\/pl\/wp-json\/wp\/v2\/categories?post=52476"},{"taxonomy":"post_tag","embeddable":true,"href":"https:\/\/mediarun.com\/pl\/wp-json\/wp\/v2\/tags?post=52476"}],"curies":[{"name":"wp","href":"https:\/\/api.w.org\/{rel}","templated":true}]}}