{"id":52188,"date":"2008-04-08T10:22:56","date_gmt":"2008-04-08T08:22:56","guid":{"rendered":"https:\/\/mediarun.com\/index.php\/news-posts\/rmf-fm-nowy-reporter-w-olsztynie\/"},"modified":"2008-04-08T10:22:56","modified_gmt":"2008-04-08T08:22:56","slug":"rmf-fm-nowy-reporter-w-olsztynie","status":"publish","type":"post","link":"https:\/\/mediarun.com\/pl\/media\/radio\/rmf-fm-nowy-reporter-w-olsztynie.html","title":{"rendered":"RMF FM: nowy reporter w Olsztynie"},"content":{"rendered":"<p>Tomasz Sosnowski ostatnio pracowa\u0142 w olszty\u0144skim oddziale Polskiej Agencji Prasowej. Wcze\u015bniej by\u0142 korespondentem wojennym PAP w Iraku. Relacjonowa\u0142 r&oacute;wnie\u017c &#8222;pomara\u0144czow\u0105 rewolucj\u0119&#8221; na Ukrainie.<\/p>\n<p>Sosnowski zast\u0105pi\u0142 w Olsztynie Daniela Wo\u0142od\u017ako, kt&oacute;ry zmar\u0142 w styczniu br.<\/p>\n","protected":false},"excerpt":{"rendered":"Tomasz Sosnowski zosta\u0142 nowym reporterem RMF FM w Olsztynie.","protected":false},"author":1,"featured_media":52189,"comment_status":"open","ping_status":"closed","sticky":false,"template":"","format":"standard","meta":{"csco_display_header_overlay":false,"csco_singular_sidebar":"","csco_page_header_type":"","csco_page_load_nextpost":"","csco_post_video_location":[],"csco_post_video_location_hash":"","csco_post_video_url":"","csco_post_video_bg_start_time":0,"csco_post_video_bg_end_time":0,"footnotes":""},"categories":[9672],"tags":[298],"class_list":{"0":"post-52188","1":"post","2":"type-post","3":"status-publish","4":"format-standard","5":"has-post-thumbnail","7":"category-radio","8":"tag-rmf-fm","9":"cs-entry","10":"cs-video-wrap"},"_links":{"self":[{"href":"https:\/\/mediarun.com\/pl\/wp-json\/wp\/v2\/posts\/52188","targetHints":{"allow":["GET"]}}],"collection":[{"href":"https:\/\/mediarun.com\/pl\/wp-json\/wp\/v2\/posts"}],"about":[{"href":"https:\/\/mediarun.com\/pl\/wp-json\/wp\/v2\/types\/post"}],"author":[{"embeddable":true,"href":"https:\/\/mediarun.com\/pl\/wp-json\/wp\/v2\/users\/1"}],"replies":[{"embeddable":true,"href":"https:\/\/mediarun.com\/pl\/wp-json\/wp\/v2\/comments?post=52188"}],"version-history":[{"count":0,"href":"https:\/\/mediarun.com\/pl\/wp-json\/wp\/v2\/posts\/52188\/revisions"}],"wp:featuredmedia":[{"embeddable":true,"href":"https:\/\/mediarun.com\/pl\/wp-json\/wp\/v2\/media\/52189"}],"wp:attachment":[{"href":"https:\/\/mediarun.com\/pl\/wp-json\/wp\/v2\/media?parent=52188"}],"wp:term":[{"taxonomy":"category","embeddable":true,"href":"https:\/\/mediarun.com\/pl\/wp-json\/wp\/v2\/categories?post=52188"},{"taxonomy":"post_tag","embeddable":true,"href":"https:\/\/mediarun.com\/pl\/wp-json\/wp\/v2\/tags?post=52188"}],"curies":[{"name":"wp","href":"https:\/\/api.w.org\/{rel}","templated":true}]}}