{"id":5213,"date":"2012-08-09T15:11:35","date_gmt":"2012-08-09T13:11:35","guid":{"rendered":"https:\/\/mediarun.com\/index.php\/news-posts\/awanse-i-zmiany-w-trias-event-engineering\/"},"modified":"2015-03-17T10:31:16","modified_gmt":"2015-03-17T10:31:16","slug":"awanse-i-zmiany-w-trias-event-engineering","status":"publish","type":"post","link":"https:\/\/mediarun.com\/pl\/ludzie\/kariera\/awanse-i-zmiany-w-trias-event-engineering.html","title":{"rendered":"Awanse i zmiany w TRIAS Event Engineering"},"content":{"rendered":"<p>Piotr Wieczerzy\u0144ski jako dyrektor techniczny odpowiada za zarz\u0105dzanie gospodark\u0105 magazynow\u0105, sprawuje nadz&oacute;r nad zasobami sprz\u0119towymi oraz systemem Easy Job wykorzystywanym przy produkcji event&oacute;w.<\/p>\n<p>W bran\u017cy Piotr Wieczerzy\u0144ski pracuje od 19 lat. Pocz\u0105tkowo by\u0142 zatrudniony w firmie GIG Technika Estradowa, kt&oacute;ra obecnie jako GIG wchodzi w sk\u0142ad Grupy TRIAS. Od 2007 roku kierowa\u0142 Dzia\u0142em O\u015bwietleniowym w TRIAS. Po utworzeniu sp&oacute;\u0142ki TRIAS Event Engineering zajmowa\u0142 stanowisko kierownika ds. Technologii, a ostatnio p.o. dyrektora technicznego.<\/p>\n<p>Ma\u0142gorzata Lubelska zast\u0105pi\u0142a Rados\u0142awa Bogusza, kt&oacute;ry dotychczas pe\u0142ni\u0142 funkcj\u0119 p.o. dyrektora dzia\u0142u realizacji Imprez. Jego wsp&oacute;\u0142praca z TRIAS Event Engineering zako\u0144czy\u0142a si\u0119 w dniu 10 lipca br. Jako kierownik Dzia\u0142u Realizacji Imprez Ma\u0142gorzata Lubelska podlega bezpo\u015brednio dyrektorowi technicznemu. Do jej obowi\u0105zk&oacute;w nale\u017cy tworzenie d\u0142ugofalowej strategii i rozw&oacute;j Dzia\u0142u Realizacji Imprez, nadzorowanie i optymalizacja wykorzystania zasob&oacute;w magazynowych, koordynacja projekt&oacute;w oraz zarz\u0105dzanie zespo\u0142em dzia\u0142u i ekip technicznych.<\/p>\n<p>Z rynkiem eventowym Ma\u0142gorzata Lubelska jest zwi\u0105zana od 2008 roku. Posiada do\u015bwiadczenie w organizacji event&oacute;w, festiwali, szkole\u0144 w zakresie obs\u0142ugi d\u017awi\u0119kowej i multimedialnej. Wcze\u015bniej pracowa\u0142a m.in. w  Teatrze Polskim we Wroc\u0142awiu na stanowisku  asystent dyrektora naczelnego i artystycznego, w Event Serwis jako projekt manager oraz GMB Pro Sound jako specjalista ds. sprzeda\u017cy.<\/p>\n","protected":false},"excerpt":{"rendered":"Z pocz\u0105tkiem sierpnia na stanowisko dyrektora technicznego w TRIAS Event Engineering awansowa\u0142 Piotr Wieczerzy\u0144ski. Jednocze\u015bnie funkcj\u0119 kierownika Dzia\u0142u Realizacji Imprez obj\u0119\u0142a Ma\u0142gorzata Lubelska.","protected":false},"author":1,"featured_media":5214,"comment_status":"open","ping_status":"closed","sticky":false,"template":"","format":"standard","meta":{"csco_display_header_overlay":false,"csco_singular_sidebar":"","csco_page_header_type":"","csco_page_load_nextpost":"","csco_post_video_location":[],"csco_post_video_location_hash":"","csco_post_video_url":"","csco_post_video_bg_start_time":0,"csco_post_video_bg_end_time":0,"footnotes":""},"categories":[5909],"tags":[982],"class_list":{"0":"post-5213","1":"post","2":"type-post","3":"status-publish","4":"format-standard","5":"has-post-thumbnail","7":"category-kariera","8":"tag-kariera","9":"cs-entry","10":"cs-video-wrap"},"_links":{"self":[{"href":"https:\/\/mediarun.com\/pl\/wp-json\/wp\/v2\/posts\/5213","targetHints":{"allow":["GET"]}}],"collection":[{"href":"https:\/\/mediarun.com\/pl\/wp-json\/wp\/v2\/posts"}],"about":[{"href":"https:\/\/mediarun.com\/pl\/wp-json\/wp\/v2\/types\/post"}],"author":[{"embeddable":true,"href":"https:\/\/mediarun.com\/pl\/wp-json\/wp\/v2\/users\/1"}],"replies":[{"embeddable":true,"href":"https:\/\/mediarun.com\/pl\/wp-json\/wp\/v2\/comments?post=5213"}],"version-history":[{"count":0,"href":"https:\/\/mediarun.com\/pl\/wp-json\/wp\/v2\/posts\/5213\/revisions"}],"wp:featuredmedia":[{"embeddable":true,"href":"https:\/\/mediarun.com\/pl\/wp-json\/wp\/v2\/media\/5214"}],"wp:attachment":[{"href":"https:\/\/mediarun.com\/pl\/wp-json\/wp\/v2\/media?parent=5213"}],"wp:term":[{"taxonomy":"category","embeddable":true,"href":"https:\/\/mediarun.com\/pl\/wp-json\/wp\/v2\/categories?post=5213"},{"taxonomy":"post_tag","embeddable":true,"href":"https:\/\/mediarun.com\/pl\/wp-json\/wp\/v2\/tags?post=5213"}],"curies":[{"name":"wp","href":"https:\/\/api.w.org\/{rel}","templated":true}]}}