{"id":52126,"date":"2008-04-09T12:42:30","date_gmt":"2008-04-09T10:42:30","guid":{"rendered":"https:\/\/mediarun.com\/index.php\/news-posts\/lis-i-krasko-wroca-pod-koniec-kwietnia\/"},"modified":"2008-04-09T12:42:30","modified_gmt":"2008-04-09T10:42:30","slug":"lis-i-krasko-wroca-pod-koniec-kwietnia","status":"publish","type":"post","link":"https:\/\/mediarun.com\/pl\/media\/tv\/lis-i-krasko-wroca-pod-koniec-kwietnia.html","title":{"rendered":"Lis i Kra\u015bko wr\u00f3c\u0105 pod koniec kwietnia"},"content":{"rendered":"<p>Hanna Lis i Piotr Kra\u015bko b\u0119d\u0105 gospodarzami g\u0142&oacute;wnych wyda\u0144 &#8222;Wiadomo\u015bci&#8221; w dni powszednie. Przez jeden tydzie\u0144 program prowadzi\u0107 b\u0119dzie Lis, a przez drugi &#8211; Kra\u015bko.<\/p>\n<p>Prezenterem &#8222;Wiadomo\u015bci&#8221; w weekendy ma by\u0107 jeden z dotychczasowych prowadz\u0105cych g\u0142&oacute;wne wydania dziennika, kt&oacute;rymi obecnie s\u0105 Dorota Wysocka, Jaros\u0142aw Kulczycki i Ma\u0142gorzata Wyszy\u0144ska. &#8211; Nie zapad\u0142a jeszcze decyzja, kto to b\u0119dzie &#8211; t\u0142umaczy nam Aneta Wrona, rzecznik prasowy TVP. Dodaje, \u017ce pozosta\u0142e dwie osoby nadal maj\u0105 pracowa\u0107 w TVP. Nie wiadomo jednak na razie, czym b\u0119d\u0105 si\u0119 zajmowa\u0107.<\/p>\n<p>TVP bierze pod uwag\u0119 rozwi\u0105zanie, \u017ce &#8222;Wiadomo\u015bci&#8221; o godz. 19.30 b\u0119d\u0105 prezentowane przez dziennikarzy na stoj\u0105co. Wed\u0142ug naszych informacji, pr&oacute;by kamerowe mia\u0142 na razie tylko Piotr Kra\u015bko, a ostateczna decyzja wprowadzenia nowego sposobu prowadzenia programu uzale\u017cniona jest od efekt&oacute;w pr&oacute;b kamerowych Hanny Lis.<\/p>\n","protected":false},"excerpt":{"rendered":"W ostatnim tygodniu kwietnia do grona prowadz\u0105cych &#8222;Wiadomo\u015bci&#8221; TVP1 do\u0142\u0105cz\u0105 Hanna Lis i Piotr Kra\u015bko.","protected":false},"author":1,"featured_media":52127,"comment_status":"open","ping_status":"closed","sticky":false,"template":"","format":"standard","meta":{"csco_display_header_overlay":false,"csco_singular_sidebar":"","csco_page_header_type":"","csco_page_load_nextpost":"","csco_post_video_location":[],"csco_post_video_location_hash":"","csco_post_video_url":"","csco_post_video_bg_start_time":0,"csco_post_video_bg_end_time":0,"footnotes":""},"categories":[9670],"tags":[558],"class_list":{"0":"post-52126","1":"post","2":"type-post","3":"status-publish","4":"format-standard","5":"has-post-thumbnail","7":"category-tv","8":"tag-tvp1","9":"cs-entry","10":"cs-video-wrap"},"_links":{"self":[{"href":"https:\/\/mediarun.com\/pl\/wp-json\/wp\/v2\/posts\/52126","targetHints":{"allow":["GET"]}}],"collection":[{"href":"https:\/\/mediarun.com\/pl\/wp-json\/wp\/v2\/posts"}],"about":[{"href":"https:\/\/mediarun.com\/pl\/wp-json\/wp\/v2\/types\/post"}],"author":[{"embeddable":true,"href":"https:\/\/mediarun.com\/pl\/wp-json\/wp\/v2\/users\/1"}],"replies":[{"embeddable":true,"href":"https:\/\/mediarun.com\/pl\/wp-json\/wp\/v2\/comments?post=52126"}],"version-history":[{"count":0,"href":"https:\/\/mediarun.com\/pl\/wp-json\/wp\/v2\/posts\/52126\/revisions"}],"wp:featuredmedia":[{"embeddable":true,"href":"https:\/\/mediarun.com\/pl\/wp-json\/wp\/v2\/media\/52127"}],"wp:attachment":[{"href":"https:\/\/mediarun.com\/pl\/wp-json\/wp\/v2\/media?parent=52126"}],"wp:term":[{"taxonomy":"category","embeddable":true,"href":"https:\/\/mediarun.com\/pl\/wp-json\/wp\/v2\/categories?post=52126"},{"taxonomy":"post_tag","embeddable":true,"href":"https:\/\/mediarun.com\/pl\/wp-json\/wp\/v2\/tags?post=52126"}],"curies":[{"name":"wp","href":"https:\/\/api.w.org\/{rel}","templated":true}]}}