{"id":52069,"date":"2008-04-10T15:20:08","date_gmt":"2008-04-10T13:20:08","guid":{"rendered":"https:\/\/mediarun.com\/index.php\/news-posts\/polskie-radio-piknik-naukowy-w-polowie-czerwca\/"},"modified":"2008-04-10T15:20:08","modified_gmt":"2008-04-10T13:20:08","slug":"polskie-radio-piknik-naukowy-w-polowie-czerwca","status":"publish","type":"post","link":"https:\/\/mediarun.com\/pl\/media\/radio\/polskie-radio-piknik-naukowy-w-polowie-czerwca.html","title":{"rendered":"Polskie Radio: Piknik Naukowy w po\u0142owie czerwca"},"content":{"rendered":"<p>Dotychczas Piknik Naukowy organizowa\u0142o Radio Bis. W tym roku si\u0119 to zmieni. &#8211; Piknik staje si\u0119 od tego roku wydarzeniem ca\u0142ego radia. B\u0119dzie przybli\u017ca\u0107 nauk\u0119 na wszystkich antenach &#8211; zapowiada Krzysztof Czaba\u0144ski, prezes Polskiego Radia.<\/p>\n<p>Piknik Naukowy tradycyjnie odb\u0119dzie si\u0119 w Warszawie na Rynku Nowego Miasta i Podzamczu. Tematem przewodnik tegorocznej imprezy b\u0119dzie szeroko poj\u0119ty j\u0119zyk nauki. Event organizowany ma by\u0107 wsp&oacute;lnie z Centrum Kultury Kopernik.<\/p>\n","protected":false},"excerpt":{"rendered":"14 czerwca br. ju\u017c po raz 12. odb\u0119dzie si\u0119 Piknik Naukowy Polskiego Radia.","protected":false},"author":1,"featured_media":52070,"comment_status":"open","ping_status":"closed","sticky":false,"template":"","format":"standard","meta":{"csco_display_header_overlay":false,"csco_singular_sidebar":"","csco_page_header_type":"","csco_page_load_nextpost":"","csco_post_video_location":[],"csco_post_video_location_hash":"","csco_post_video_url":"","csco_post_video_bg_start_time":0,"csco_post_video_bg_end_time":0,"footnotes":""},"categories":[9672],"tags":[405],"class_list":{"0":"post-52069","1":"post","2":"type-post","3":"status-publish","4":"format-standard","5":"has-post-thumbnail","7":"category-radio","8":"tag-polskie-radio","9":"cs-entry","10":"cs-video-wrap"},"_links":{"self":[{"href":"https:\/\/mediarun.com\/pl\/wp-json\/wp\/v2\/posts\/52069","targetHints":{"allow":["GET"]}}],"collection":[{"href":"https:\/\/mediarun.com\/pl\/wp-json\/wp\/v2\/posts"}],"about":[{"href":"https:\/\/mediarun.com\/pl\/wp-json\/wp\/v2\/types\/post"}],"author":[{"embeddable":true,"href":"https:\/\/mediarun.com\/pl\/wp-json\/wp\/v2\/users\/1"}],"replies":[{"embeddable":true,"href":"https:\/\/mediarun.com\/pl\/wp-json\/wp\/v2\/comments?post=52069"}],"version-history":[{"count":0,"href":"https:\/\/mediarun.com\/pl\/wp-json\/wp\/v2\/posts\/52069\/revisions"}],"wp:featuredmedia":[{"embeddable":true,"href":"https:\/\/mediarun.com\/pl\/wp-json\/wp\/v2\/media\/52070"}],"wp:attachment":[{"href":"https:\/\/mediarun.com\/pl\/wp-json\/wp\/v2\/media?parent=52069"}],"wp:term":[{"taxonomy":"category","embeddable":true,"href":"https:\/\/mediarun.com\/pl\/wp-json\/wp\/v2\/categories?post=52069"},{"taxonomy":"post_tag","embeddable":true,"href":"https:\/\/mediarun.com\/pl\/wp-json\/wp\/v2\/tags?post=52069"}],"curies":[{"name":"wp","href":"https:\/\/api.w.org\/{rel}","templated":true}]}}