{"id":52053,"date":"2008-04-10T17:10:04","date_gmt":"2008-04-10T15:10:04","guid":{"rendered":"https:\/\/mediarun.com\/index.php\/news-posts\/tvp-i-pr-nagrodza-literatow-i-muzykow\/"},"modified":"2008-04-10T17:10:04","modified_gmt":"2008-04-10T15:10:04","slug":"tvp-i-pr-nagrodza-literatow-i-muzykow","status":"publish","type":"post","link":"https:\/\/mediarun.com\/pl\/media\/radio\/tvp-i-pr-nagrodza-literatow-i-muzykow.html","title":{"rendered":"TVP i PR nagrodz\u0105 literat\u00f3w i muzyk\u00f3w"},"content":{"rendered":"<p>Nagrody Telewizji Polskiej i Polskiego Radia, w postaci statuetki i sumy 200 tys. z\u0142, b\u0119d\u0105 przyznawane ka\u017cdego roku kompozytorowi polskiemu za utw&oacute;r muzyczny i autorowi najlepszej ksi\u0105\u017cki z dziedziny literatury w j\u0119zyku polskim. Utwory pretenduj\u0105ce do nagrody musz\u0105 powsta\u0107 w roku poprzedzaj\u0105cym jej przyznanie.<\/p>\n<p>Inicjatywa zosta\u0142a podj\u0119ta w ramach misji Telewizji Polskiej i Polskiego Radia na polu kultury, we wsp&oacute;\u0142pracy ze Stowarzyszeniem Pisarzy Polskich, Polskiego PEN Clubu i Zwi\u0105zku Kompozytor&oacute;w Polskich, kt&oacute;rych cz\u0142onkowie zasiadaj\u0105 w jury.<\/p>\n<p>Przewodnicz\u0105cym jury nagrody muzycznej jest W\u0142odzimierz Koto\u0144ski, a cz\u0142onkami s\u0105: Pawe\u0142 Szyma\u0144ski (wiceprzewodnicz\u0105cy), Andrzej Ch\u0142opecki, Krzysztof Droba, Marek Mo\u015b, Olgierd Pisarenko oraz Krzysztof Szwajgier. Julia Hartwig zosta\u0142a przewodnicz\u0105c\u0105 jury nagrody literackiej, a w jego sk\u0142ad weszli Adam Pomorski (wiceprzewodnicz\u0105cy), Jerzy Jarz\u0119bski, Janusz Krasi\u0144ski, Iwona Smolka i Piotr Wojciechowski.<\/p>\n<p>Od jutra instytucje kultury mog\u0105 zg\u0142asza\u0107 swoich kandydat&oacute;w do nagrody. Nominacje otrzyma siedem najlepszych dzie\u0142 literackich i siedem muzycznych. Nominowane ksi\u0105\u017cki i utwory b\u0119d\u0105 promowane na antenie telewizji (w specjalnym programie we wszystkich stacjach TVP) i Polskiego Radia. Zwyci\u0119zc\u0119 w kategorii muzycznej poznamy 22 czerwca br. Najlepszy autor ksi\u0105\u017cki zostanie nagrodzony w drugiej po\u0142owie wrze\u015bnia 2008 roku.<\/p>\n<p>Nagrody b\u0119d\u0105 finansowane z abonamentu radiowo-telewizyjnego.<\/p>\n<p>&#8211; Wchodzimy na normalny, europejski poziom \u017cycia kulturalnego. Ze strony \u015brodowiska literackiego inicjatywa ta zosta\u0142a przyj\u0119ta z wdzi\u0119czno\u015bci\u0105. Realizuje ona postulat obecno\u015bci kultury w mediach publicznych &#8211; m&oacute;wi Adam Pomorski, wiceprezes Polskiego PEN Clubu.<\/p>\n","protected":false},"excerpt":{"rendered":"TVP i Polskie Radio ufunduj\u0105 Nagrody Medi&oacute;w Publicznych w dziedzinie literatury i wsp&oacute;\u0142czesnej muzyki powa\u017cnej.","protected":false},"author":1,"featured_media":52054,"comment_status":"open","ping_status":"closed","sticky":false,"template":"","format":"standard","meta":{"csco_display_header_overlay":false,"csco_singular_sidebar":"","csco_page_header_type":"","csco_page_load_nextpost":"","csco_post_video_location":[],"csco_post_video_location_hash":"","csco_post_video_url":"","csco_post_video_bg_start_time":0,"csco_post_video_bg_end_time":0,"footnotes":""},"categories":[9672],"tags":[405,392],"class_list":{"0":"post-52053","1":"post","2":"type-post","3":"status-publish","4":"format-standard","5":"has-post-thumbnail","7":"category-radio","8":"tag-polskie-radio","9":"tag-tvp","10":"cs-entry","11":"cs-video-wrap"},"_links":{"self":[{"href":"https:\/\/mediarun.com\/pl\/wp-json\/wp\/v2\/posts\/52053","targetHints":{"allow":["GET"]}}],"collection":[{"href":"https:\/\/mediarun.com\/pl\/wp-json\/wp\/v2\/posts"}],"about":[{"href":"https:\/\/mediarun.com\/pl\/wp-json\/wp\/v2\/types\/post"}],"author":[{"embeddable":true,"href":"https:\/\/mediarun.com\/pl\/wp-json\/wp\/v2\/users\/1"}],"replies":[{"embeddable":true,"href":"https:\/\/mediarun.com\/pl\/wp-json\/wp\/v2\/comments?post=52053"}],"version-history":[{"count":0,"href":"https:\/\/mediarun.com\/pl\/wp-json\/wp\/v2\/posts\/52053\/revisions"}],"wp:featuredmedia":[{"embeddable":true,"href":"https:\/\/mediarun.com\/pl\/wp-json\/wp\/v2\/media\/52054"}],"wp:attachment":[{"href":"https:\/\/mediarun.com\/pl\/wp-json\/wp\/v2\/media?parent=52053"}],"wp:term":[{"taxonomy":"category","embeddable":true,"href":"https:\/\/mediarun.com\/pl\/wp-json\/wp\/v2\/categories?post=52053"},{"taxonomy":"post_tag","embeddable":true,"href":"https:\/\/mediarun.com\/pl\/wp-json\/wp\/v2\/tags?post=52053"}],"curies":[{"name":"wp","href":"https:\/\/api.w.org\/{rel}","templated":true}]}}