{"id":51946,"date":"2008-04-15T12:32:45","date_gmt":"2008-04-15T10:32:45","guid":{"rendered":"https:\/\/mediarun.com\/index.php\/news-posts\/polskapresse-izdebski-szefem-marketingu\/"},"modified":"2008-04-15T12:32:45","modified_gmt":"2008-04-15T10:32:45","slug":"polskapresse-izdebski-szefem-marketingu","status":"publish","type":"post","link":"https:\/\/mediarun.com\/pl\/media\/prasa\/polskapresse-izdebski-szefem-marketingu.html","title":{"rendered":"Polskapresse: Izdebski szefem marketingu"},"content":{"rendered":"<p>Waldemar Izdebski przej\u0105\u0142 obowi\u0105zki od Moniki Brason, dotychczasowej dyrektor marketingu Polskapresse, kt&oacute;ra odchodzi z firmy.<\/p>\n<p>Izdebski w Polskapresse pracuje od listopada 2007 r. Wcze\u015bniej zwi\u0105zany by\u0142 z Mediatakiem.<\/p>\n","protected":false},"excerpt":{"rendered":"Waldemar Izdebski, dyrektor ds. marketingu i bada\u0144 rynkowych w Polskapresse, zosta\u0142 tak\u017ce szefem marketingu koncernu.","protected":false},"author":1,"featured_media":51947,"comment_status":"open","ping_status":"closed","sticky":false,"template":"","format":"standard","meta":{"csco_display_header_overlay":false,"csco_singular_sidebar":"","csco_page_header_type":"","csco_page_load_nextpost":"","csco_post_video_location":[],"csco_post_video_location_hash":"","csco_post_video_url":"","csco_post_video_bg_start_time":0,"csco_post_video_bg_end_time":0,"footnotes":""},"categories":[9673],"tags":[68],"class_list":{"0":"post-51946","1":"post","2":"type-post","3":"status-publish","4":"format-standard","5":"has-post-thumbnail","7":"category-prasa","8":"tag-polskapresse","9":"cs-entry","10":"cs-video-wrap"},"_links":{"self":[{"href":"https:\/\/mediarun.com\/pl\/wp-json\/wp\/v2\/posts\/51946","targetHints":{"allow":["GET"]}}],"collection":[{"href":"https:\/\/mediarun.com\/pl\/wp-json\/wp\/v2\/posts"}],"about":[{"href":"https:\/\/mediarun.com\/pl\/wp-json\/wp\/v2\/types\/post"}],"author":[{"embeddable":true,"href":"https:\/\/mediarun.com\/pl\/wp-json\/wp\/v2\/users\/1"}],"replies":[{"embeddable":true,"href":"https:\/\/mediarun.com\/pl\/wp-json\/wp\/v2\/comments?post=51946"}],"version-history":[{"count":0,"href":"https:\/\/mediarun.com\/pl\/wp-json\/wp\/v2\/posts\/51946\/revisions"}],"wp:featuredmedia":[{"embeddable":true,"href":"https:\/\/mediarun.com\/pl\/wp-json\/wp\/v2\/media\/51947"}],"wp:attachment":[{"href":"https:\/\/mediarun.com\/pl\/wp-json\/wp\/v2\/media?parent=51946"}],"wp:term":[{"taxonomy":"category","embeddable":true,"href":"https:\/\/mediarun.com\/pl\/wp-json\/wp\/v2\/categories?post=51946"},{"taxonomy":"post_tag","embeddable":true,"href":"https:\/\/mediarun.com\/pl\/wp-json\/wp\/v2\/tags?post=51946"}],"curies":[{"name":"wp","href":"https:\/\/api.w.org\/{rel}","templated":true}]}}