{"id":51548,"date":"2008-04-26T23:21:18","date_gmt":"2008-04-26T21:21:18","guid":{"rendered":"https:\/\/mediarun.com\/index.php\/news-posts\/tvp-kultura-po-raz-kolejny-przyznala-swoje-nagrody\/"},"modified":"2008-04-26T23:21:18","modified_gmt":"2008-04-26T21:21:18","slug":"tvp-kultura-po-raz-kolejny-przyznala-swoje-nagrody","status":"publish","type":"post","link":"https:\/\/mediarun.com\/pl\/media\/tv\/tvp-kultura-po-raz-kolejny-przyznala-swoje-nagrody.html","title":{"rendered":"TVP Kultura po raz kolejny przyzna\u0142a swoje nagrody"},"content":{"rendered":"<p>W kategorii teatr nagrod\u0119 otrzyma\u0142 Piotr Cieplak za re\u017cyseri\u0119 przedstawienia &#8222;Opowiadania dla dzieci&#8221; wed\u0142ug Singera w Teatrze Narodowym w Warszawie &#8222;ukazuj\u0105cego nie tylko dzieciom czarodziejski \u015bwiat \u0142adu i pi\u0119kna&#8221;.<\/p>\n<p>Tomasz Wiszniewski, re\u017cyser &#8222;Wszystko b\u0119dzie dobrze&#8221;, dosta\u0142 nagrod\u0119 w kategorii film za &#8222;\u015bwie\u017ce spojrzenie na formu\u0142\u0119 kina drogi&rdquo;, a tak\u017ce za szczery film &#8222;o potrzebie religijnego prze\u017cycia, kt&oacute;ra drzemie w ka\u017cdym z nas&#8221;.<\/p>\n<p>Kompozytora Paw\u0142a Mykietyna nagrodzono w kategorii muzyka powa\u017cna &#8222;za brak kompleks&oacute;w, \u017cywio\u0142owo\u015b\u0107, za intryguj\u0105ce brzmienia i za II Symfoni\u0119&#8221;.<\/p>\n<p>Nagroda w kategorii jazz, rock i inne trafi\u0142a do saksofonisty altowego Paw\u0142a Obary za ekspresyjn\u0105, pe\u0142n\u0105 fantazji gr\u0119 na p\u0142ycie &#8222;Message From Ohio&#8221;.<\/p>\n<p>Laureatem w kategorii literatura zosta\u0142 Jaros\u0142aw Marek Rymkiewicz za to, \u017ce jego historyczne &#8222;Wieszanie&#8221; czyta si\u0119 jak fascynuj\u0105cy dreszczowiec.<\/p>\n<p>Za osi\u0105gni\u0119cia w tw&oacute;rczym rozwoju dzieci i m\u0142odzie\u017cy nagrodzono Polskie Wydawnictwo Audiowizualne, kt&oacute;re opublikowa\u0142o &#8222;Antologi\u0119 polskiej animacji dla dzieci&#8221;.<\/p>\n<p>W kategorii kultura alternatywna i sztuki wizualne nagrod\u0119 dosta\u0142 Artur \u017bmijewski za &#8222;niez\u0142omn\u0105 wol\u0119 pisania manifest&oacute;w, czyli uczynienia sztuki form\u0105 oporu wobec mechanizm&oacute;w turbo-kapitalizmu&#8221;.<\/p>\n<p>Wydarzeniem 2007 r. widzowie TVP Kultura uznali koncert &#8222;Wyspia\u0144ski Underground&#8221; w nowohuckim Teatrze \u0141a\u017ania,<\/p>\n<p>Nagrody TVP Kultura przyznano w sobot\u0119.<\/p>\n","protected":false},"excerpt":{"rendered":"Tomasz Wiszniewski i Pawe\u0142 Obara znale\u017ali si\u0119 w\u015br&oacute;d laureat&oacute;w Gwarancji Kultury, corocznych nagr&oacute;d TVP Kultura.","protected":false},"author":1,"featured_media":51549,"comment_status":"open","ping_status":"closed","sticky":false,"template":"","format":"standard","meta":{"csco_display_header_overlay":false,"csco_singular_sidebar":"","csco_page_header_type":"","csco_page_load_nextpost":"","csco_post_video_location":[],"csco_post_video_location_hash":"","csco_post_video_url":"","csco_post_video_bg_start_time":0,"csco_post_video_bg_end_time":0,"footnotes":""},"categories":[9670],"tags":[700],"class_list":{"0":"post-51548","1":"post","2":"type-post","3":"status-publish","4":"format-standard","5":"has-post-thumbnail","7":"category-tv","8":"tag-tvp-kultura","9":"cs-entry","10":"cs-video-wrap"},"_links":{"self":[{"href":"https:\/\/mediarun.com\/pl\/wp-json\/wp\/v2\/posts\/51548","targetHints":{"allow":["GET"]}}],"collection":[{"href":"https:\/\/mediarun.com\/pl\/wp-json\/wp\/v2\/posts"}],"about":[{"href":"https:\/\/mediarun.com\/pl\/wp-json\/wp\/v2\/types\/post"}],"author":[{"embeddable":true,"href":"https:\/\/mediarun.com\/pl\/wp-json\/wp\/v2\/users\/1"}],"replies":[{"embeddable":true,"href":"https:\/\/mediarun.com\/pl\/wp-json\/wp\/v2\/comments?post=51548"}],"version-history":[{"count":0,"href":"https:\/\/mediarun.com\/pl\/wp-json\/wp\/v2\/posts\/51548\/revisions"}],"wp:featuredmedia":[{"embeddable":true,"href":"https:\/\/mediarun.com\/pl\/wp-json\/wp\/v2\/media\/51549"}],"wp:attachment":[{"href":"https:\/\/mediarun.com\/pl\/wp-json\/wp\/v2\/media?parent=51548"}],"wp:term":[{"taxonomy":"category","embeddable":true,"href":"https:\/\/mediarun.com\/pl\/wp-json\/wp\/v2\/categories?post=51548"},{"taxonomy":"post_tag","embeddable":true,"href":"https:\/\/mediarun.com\/pl\/wp-json\/wp\/v2\/tags?post=51548"}],"curies":[{"name":"wp","href":"https:\/\/api.w.org\/{rel}","templated":true}]}}