{"id":51544,"date":"2008-04-27T23:29:03","date_gmt":"2008-04-27T21:29:03","guid":{"rendered":"https:\/\/mediarun.com\/index.php\/news-posts\/kalenski-zostanie-szefem-saatchi-saatchi\/"},"modified":"2008-04-27T23:29:03","modified_gmt":"2008-04-27T21:29:03","slug":"kalenski-zostanie-szefem-saatchi-saatchi","status":"publish","type":"post","link":"https:\/\/mediarun.com\/pl\/ludzie\/awanse\/kalenski-zostanie-szefem-saatchi-saatchi.html","title":{"rendered":"Kale\u0144ski zostanie szefem Saatchi &#038; Saatchi"},"content":{"rendered":"<p>Dotychczas Kale\u0144ski zajmowa\u0142 stanowisko prezesa i dyrektora generalnego w agencji Momentum Worldwide w grupie McCann Worldgroup.<\/p>\n<p>Kale\u0144ski b\u0119dzie raportowa\u0142 bezpo\u015brednio do Simona Francisa, CEO Saatchi &amp; Saatchi EMEA.<\/p>\n<p>Dyrektorem zarz\u0105dzaj\u0105cym agencji Saatchi &amp; Saatchi Poland jest Joanna Hurda.<\/p>\n","protected":false},"excerpt":{"rendered":"Igor Kale\u0144ski obejmie we wrze\u015bniu 2008 r. stanowisko CEO Grupy Saatchi &amp; Saatchi.","protected":false},"author":1,"featured_media":51545,"comment_status":"open","ping_status":"closed","sticky":false,"template":"","format":"standard","meta":{"csco_display_header_overlay":false,"csco_singular_sidebar":"","csco_page_header_type":"","csco_page_load_nextpost":"","csco_post_video_location":[],"csco_post_video_location_hash":"","csco_post_video_url":"","csco_post_video_bg_start_time":0,"csco_post_video_bg_end_time":0,"footnotes":""},"categories":[9678],"tags":[179],"class_list":{"0":"post-51544","1":"post","2":"type-post","3":"status-publish","4":"format-standard","5":"has-post-thumbnail","7":"category-awanse","8":"tag-saatchi-saatchi","9":"cs-entry","10":"cs-video-wrap"},"_links":{"self":[{"href":"https:\/\/mediarun.com\/pl\/wp-json\/wp\/v2\/posts\/51544","targetHints":{"allow":["GET"]}}],"collection":[{"href":"https:\/\/mediarun.com\/pl\/wp-json\/wp\/v2\/posts"}],"about":[{"href":"https:\/\/mediarun.com\/pl\/wp-json\/wp\/v2\/types\/post"}],"author":[{"embeddable":true,"href":"https:\/\/mediarun.com\/pl\/wp-json\/wp\/v2\/users\/1"}],"replies":[{"embeddable":true,"href":"https:\/\/mediarun.com\/pl\/wp-json\/wp\/v2\/comments?post=51544"}],"version-history":[{"count":0,"href":"https:\/\/mediarun.com\/pl\/wp-json\/wp\/v2\/posts\/51544\/revisions"}],"wp:featuredmedia":[{"embeddable":true,"href":"https:\/\/mediarun.com\/pl\/wp-json\/wp\/v2\/media\/51545"}],"wp:attachment":[{"href":"https:\/\/mediarun.com\/pl\/wp-json\/wp\/v2\/media?parent=51544"}],"wp:term":[{"taxonomy":"category","embeddable":true,"href":"https:\/\/mediarun.com\/pl\/wp-json\/wp\/v2\/categories?post=51544"},{"taxonomy":"post_tag","embeddable":true,"href":"https:\/\/mediarun.com\/pl\/wp-json\/wp\/v2\/tags?post=51544"}],"curies":[{"name":"wp","href":"https:\/\/api.w.org\/{rel}","templated":true}]}}