{"id":5143,"date":"2012-08-20T21:57:58","date_gmt":"2012-08-20T19:57:58","guid":{"rendered":"https:\/\/mediarun.com\/index.php\/news-posts\/idziak-kang-i-sandberg-wsrod-prelegentow-filmteractive-festival\/"},"modified":"2012-08-20T21:57:58","modified_gmt":"2012-08-20T19:57:58","slug":"idziak-kang-i-sandberg-wsrod-prelegentow-filmteractive-festival","status":"publish","type":"post","link":"https:\/\/mediarun.com\/pl\/media\/tv\/idziak-kang-i-sandberg-wsrod-prelegentow-filmteractive-festival.html","title":{"rendered":"Idziak, Kang i Sandberg w\u015br\u00f3d prelegent\u00f3w Filmteractive Festival"},"content":{"rendered":"<p>Obok niego w \u0141odzi pojawi\u0105 si\u0119 tak\u017ce m.in. David Kang, wiceprezes koncernu Estee Lauder Companies odpowiedzialny za obszar digital czy Christopher Sandberg, dwukrotny zwyci\u0119zca International Emmy Awards.<\/p>\n<p>Prelegentami Filmteractive Festival b\u0119d\u0105, podobnie jak rok wcze\u015bniej, zar&oacute;wno arty\u015bci &#8211; filmowcy, jak i marketerzy.<\/p>\n<p>Uczestnikami Filmteractive Festivalu s\u0105 tw&oacute;rcy, arty\u015bci, managerowie kultury, marketerzy, przedstawiciele bran\u017cy filmowej, bran\u017cy interactive oraz przedstawiciele medi&oacute;w.<\/p>\n<p>W pierwszej edycji festiwalu we wrze\u015bniu 2011 r. wzi\u0119\u0142o udzia\u0142 ponad 200 go\u015bci, kolejne kilkadziesi\u0105t os&oacute;b ogl\u0105da\u0142o relacje na \u017cywo.<\/p>\n<p>Mediarun.pl jest patronem medialnym Filmteractive Festival.<\/p>\n<p>Wi\u0119cej informacji:&nbsp;<a href=\"http:\/\/www.filmteractivefestival.pl\" target=\"_blank\" rel=\"noopener\">www.filmteractivefestival.pl<\/a><\/p>\n","protected":false},"excerpt":{"rendered":"S\u0142awomir Idziak, \u015bwiatowej s\u0142awy operator filmowy, re\u017cyser i scenarzysta b\u0119dzie prelegentem drugiej edycji Filmteractive Festivalu, kt&oacute;ry odb\u0119dzie si\u0119 w dniach 20-21 wrze\u015bnia.","protected":false},"author":1,"featured_media":5144,"comment_status":"open","ping_status":"closed","sticky":false,"template":"","format":"standard","meta":{"csco_display_header_overlay":false,"csco_singular_sidebar":"","csco_page_header_type":"","csco_page_load_nextpost":"","csco_post_video_location":[],"csco_post_video_location_hash":"","csco_post_video_url":"","csco_post_video_bg_start_time":0,"csco_post_video_bg_end_time":0,"footnotes":""},"categories":[9670],"tags":[],"class_list":{"0":"post-5143","1":"post","2":"type-post","3":"status-publish","4":"format-standard","5":"has-post-thumbnail","7":"category-tv","8":"cs-entry","9":"cs-video-wrap"},"_links":{"self":[{"href":"https:\/\/mediarun.com\/pl\/wp-json\/wp\/v2\/posts\/5143","targetHints":{"allow":["GET"]}}],"collection":[{"href":"https:\/\/mediarun.com\/pl\/wp-json\/wp\/v2\/posts"}],"about":[{"href":"https:\/\/mediarun.com\/pl\/wp-json\/wp\/v2\/types\/post"}],"author":[{"embeddable":true,"href":"https:\/\/mediarun.com\/pl\/wp-json\/wp\/v2\/users\/1"}],"replies":[{"embeddable":true,"href":"https:\/\/mediarun.com\/pl\/wp-json\/wp\/v2\/comments?post=5143"}],"version-history":[{"count":0,"href":"https:\/\/mediarun.com\/pl\/wp-json\/wp\/v2\/posts\/5143\/revisions"}],"wp:featuredmedia":[{"embeddable":true,"href":"https:\/\/mediarun.com\/pl\/wp-json\/wp\/v2\/media\/5144"}],"wp:attachment":[{"href":"https:\/\/mediarun.com\/pl\/wp-json\/wp\/v2\/media?parent=5143"}],"wp:term":[{"taxonomy":"category","embeddable":true,"href":"https:\/\/mediarun.com\/pl\/wp-json\/wp\/v2\/categories?post=5143"},{"taxonomy":"post_tag","embeddable":true,"href":"https:\/\/mediarun.com\/pl\/wp-json\/wp\/v2\/tags?post=5143"}],"curies":[{"name":"wp","href":"https:\/\/api.w.org\/{rel}","templated":true}]}}