{"id":5129,"date":"2012-08-22T00:32:26","date_gmt":"2012-08-21T22:32:26","guid":{"rendered":"https:\/\/mediarun.com\/index.php\/news-posts\/katarzyna-glinka-w-najnowszej-kampanii-garnier-wideo\/"},"modified":"2012-08-22T00:32:26","modified_gmt":"2012-08-21T22:32:26","slug":"katarzyna-glinka-w-najnowszej-kampanii-garnier-wideo","status":"publish","type":"post","link":"https:\/\/mediarun.com\/pl\/media\/tv\/katarzyna-glinka-w-najnowszej-kampanii-garnier-wideo.html","title":{"rendered":"Katarzyna Glinka w najnowszej kampanii Garnier (wideo)"},"content":{"rendered":"<p>Kreacja kampanii przygotowana przez Publicis podkre\u015bla g\u0142&oacute;wne zalety farb do&nbsp;w\u0142os&oacute;w Garnier Color Naturals Creme.<\/p>\n<p>Kampania obejmuje telewizj\u0119 oraz najpopularniejsze pisma kobiece. Emisja zosta\u0142a zaplanowana na sierpie\u0144 i wrzesie\u0144 br.<\/p>\n<p>Za realizacj\u0119 odpowiedzialny jest zesp&oacute;\u0142 kierowany przez Agnieszk\u0119 Mazur (Account Director). Zakupem medi&oacute;w zajmie si\u0119 ZenithOptimedia. Osoby odpowiedzialne po stronie klienta : Anna Ostrowska (Group Brand Manager), Agata Kici\u0144ska (Senior Product Manager).<\/p>\n<p>Katarzyna Glink\u0119 jest ambasadork\u0105 marki od 2011 r.<\/p>\n","protected":false},"excerpt":{"rendered":"Ruszy\u0142a nowa kampania farb do w\u0142os&oacute;w Garnier Color Naturals Creme. Jej bohaterk\u0105 jest ambasadorka marki aktorka Katarzyna Glinka.","protected":false},"author":1,"featured_media":5130,"comment_status":"open","ping_status":"closed","sticky":false,"template":"","format":"standard","meta":{"csco_display_header_overlay":false,"csco_singular_sidebar":"","csco_page_header_type":"","csco_page_load_nextpost":"","csco_post_video_location":[],"csco_post_video_location_hash":"","csco_post_video_url":"","csco_post_video_bg_start_time":0,"csco_post_video_bg_end_time":0,"footnotes":""},"categories":[9670],"tags":[825,52,250],"class_list":{"0":"post-5129","1":"post","2":"type-post","3":"status-publish","4":"format-standard","5":"has-post-thumbnail","7":"category-tv","8":"tag-garnier","9":"tag-publicis","10":"tag-zenithoptimedia","11":"cs-entry","12":"cs-video-wrap"},"_links":{"self":[{"href":"https:\/\/mediarun.com\/pl\/wp-json\/wp\/v2\/posts\/5129","targetHints":{"allow":["GET"]}}],"collection":[{"href":"https:\/\/mediarun.com\/pl\/wp-json\/wp\/v2\/posts"}],"about":[{"href":"https:\/\/mediarun.com\/pl\/wp-json\/wp\/v2\/types\/post"}],"author":[{"embeddable":true,"href":"https:\/\/mediarun.com\/pl\/wp-json\/wp\/v2\/users\/1"}],"replies":[{"embeddable":true,"href":"https:\/\/mediarun.com\/pl\/wp-json\/wp\/v2\/comments?post=5129"}],"version-history":[{"count":0,"href":"https:\/\/mediarun.com\/pl\/wp-json\/wp\/v2\/posts\/5129\/revisions"}],"wp:featuredmedia":[{"embeddable":true,"href":"https:\/\/mediarun.com\/pl\/wp-json\/wp\/v2\/media\/5130"}],"wp:attachment":[{"href":"https:\/\/mediarun.com\/pl\/wp-json\/wp\/v2\/media?parent=5129"}],"wp:term":[{"taxonomy":"category","embeddable":true,"href":"https:\/\/mediarun.com\/pl\/wp-json\/wp\/v2\/categories?post=5129"},{"taxonomy":"post_tag","embeddable":true,"href":"https:\/\/mediarun.com\/pl\/wp-json\/wp\/v2\/tags?post=5129"}],"curies":[{"name":"wp","href":"https:\/\/api.w.org\/{rel}","templated":true}]}}