{"id":51148,"date":"2008-05-08T19:27:09","date_gmt":"2008-05-08T17:27:09","guid":{"rendered":"https:\/\/mediarun.com\/index.php\/news-posts\/najwieksze-imprezy-fotograficzne-pod-patronatem-nikona\/"},"modified":"2008-05-08T19:27:09","modified_gmt":"2008-05-08T17:27:09","slug":"najwieksze-imprezy-fotograficzne-pod-patronatem-nikona","status":"publish","type":"post","link":"https:\/\/mediarun.com\/pl\/trendy\/branding\/najwieksze-imprezy-fotograficzne-pod-patronatem-nikona.html","title":{"rendered":"Najwi\u0119ksze imprezy fotograficzne pod patronatem Nikona"},"content":{"rendered":"<p>Najwa\u017cniejsze wydarzenia krakowskiego Miesi\u0105ca Fotografii b\u0119da mia\u0142y miejsce od 8 do 11 maja. Motywem przewodnim tegorocznej 6. edycji jest &#8222;M\u0142odo\u015b\u0107&#8221;, a go\u015bciem specjalnym&#8230; Polska. Ambicj\u0105 organizator&oacute;w jest ocena wsp&oacute;\u0142czesnej fotografii polskiej na arenie mi\u0119dzynarodowej oraz prezentacja mniej znanych artyst&oacute;w z naszego kraju.<\/p>\n<p>Z kolei w \u0141odzi program g\u0142&oacute;wny 7. edycji festiwalu jest skoncentrowany wok&oacute;\u0142 najbardziej kontrowersyjnego pa\u0144stwa tego roku, czyli Chin. &#8222;China Photo&#8221; to przegl\u0105d najciekawszych zjawisk we wsp&oacute;\u0142czesnej fotografii chi\u0144skiej, a druga wystawa (&#8222;Western Eye On East&#8221;) przedstawi dzisiejsze Chiny widziane oczyma zachodnich artyst&oacute;w. Najwa\u017cniejsze dni: 15-18 maja.<\/p>\n<p>Zar&oacute;wno w Krakowie, jak i w \u0141odzi na zainteresowanych tajnikami techniki fotograficznej czekaj\u0105 warsztaty organizowane przez Akademi\u0119 Fotografii &#8211; wszystkie pokazy i \u0107wiczenia b\u0119d\u0105 prowadzone na profesjonalnym sprz\u0119cie Nikona.<\/p>\n<p>Opr&oacute;cz wystaw fotograficznych organizatorzy obu festiwali przygotowali dodatkowe atrakcje: projekcje film&oacute;w, pokazy slajd&oacute;w, wyk\u0142ady i spotkania z artystami oraz przegl\u0105dy portfolio.<\/p>\n","protected":false},"excerpt":{"rendered":"Nikon Polska jest mecenasem Miesi\u0105ca Fotografii w Krakowie (6-31 maja) i \u0142&oacute;dzkiego Fotofestiwalu (13-31 maja).","protected":false},"author":1,"featured_media":51149,"comment_status":"open","ping_status":"closed","sticky":false,"template":"","format":"standard","meta":{"csco_display_header_overlay":false,"csco_singular_sidebar":"","csco_page_header_type":"","csco_page_load_nextpost":"","csco_post_video_location":[],"csco_post_video_location_hash":"","csco_post_video_url":"","csco_post_video_bg_start_time":0,"csco_post_video_bg_end_time":0,"footnotes":""},"categories":[9658],"tags":[788],"class_list":{"0":"post-51148","1":"post","2":"type-post","3":"status-publish","4":"format-standard","5":"has-post-thumbnail","7":"category-branding","8":"tag-nikon","9":"cs-entry","10":"cs-video-wrap"},"_links":{"self":[{"href":"https:\/\/mediarun.com\/pl\/wp-json\/wp\/v2\/posts\/51148","targetHints":{"allow":["GET"]}}],"collection":[{"href":"https:\/\/mediarun.com\/pl\/wp-json\/wp\/v2\/posts"}],"about":[{"href":"https:\/\/mediarun.com\/pl\/wp-json\/wp\/v2\/types\/post"}],"author":[{"embeddable":true,"href":"https:\/\/mediarun.com\/pl\/wp-json\/wp\/v2\/users\/1"}],"replies":[{"embeddable":true,"href":"https:\/\/mediarun.com\/pl\/wp-json\/wp\/v2\/comments?post=51148"}],"version-history":[{"count":0,"href":"https:\/\/mediarun.com\/pl\/wp-json\/wp\/v2\/posts\/51148\/revisions"}],"wp:featuredmedia":[{"embeddable":true,"href":"https:\/\/mediarun.com\/pl\/wp-json\/wp\/v2\/media\/51149"}],"wp:attachment":[{"href":"https:\/\/mediarun.com\/pl\/wp-json\/wp\/v2\/media?parent=51148"}],"wp:term":[{"taxonomy":"category","embeddable":true,"href":"https:\/\/mediarun.com\/pl\/wp-json\/wp\/v2\/categories?post=51148"},{"taxonomy":"post_tag","embeddable":true,"href":"https:\/\/mediarun.com\/pl\/wp-json\/wp\/v2\/tags?post=51148"}],"curies":[{"name":"wp","href":"https:\/\/api.w.org\/{rel}","templated":true}]}}