{"id":50918,"date":"2008-05-14T15:30:06","date_gmt":"2008-05-14T13:30:06","guid":{"rendered":"https:\/\/mediarun.com\/index.php\/news-posts\/opolski-festiwal-po-raz-45\/"},"modified":"2008-05-14T15:30:06","modified_gmt":"2008-05-14T13:30:06","slug":"opolski-festiwal-po-raz-45","status":"publish","type":"post","link":"https:\/\/mediarun.com\/pl\/media\/tv\/opolski-festiwal-po-raz-45.html","title":{"rendered":"Opolski festiwal po raz 45."},"content":{"rendered":"<p>&#8211; Marka opolskiego festiwalu jest jedn\u0105 z najbardziej rozpoznawalnych w Polsce. Pokochali j\u0105 zar&oacute;wno arty\u015bci, jak i publiczno\u015b\u0107. \u015awiadczy o tym wysoka ogl\u0105dalno\u015b\u0107 i fakt, \u017ce najwi\u0119ksze gwiazdy zaszczycaj\u0105 swoj\u0105 obecno\u015bci\u0105 opolsk\u0105 publiczno\u015b\u0107 &#8211; m&oacute;wi Rados\u0142aw Brz&oacute;zka, rzecznik prasowy 45. Festiwalu Piosenki Polskiej w Opolu, kt&oacute;ry odb\u0119dzie si\u0119 w dniach 13-15 czerwca. <\/p>\n<p>Festiwal rozpocznie si\u0119 13 czerwca recitalem Maryli Rodowicz. P&oacute;\u017aniej zaplanowano koncert Premier, kt&oacute;rego gospodarzami b\u0119d\u0105 Grzegorz Turnau i Andrzej Sikorowski. W jego trakcie znani arty\u015bci (m.in. Wilki, Kasia Klich i Zakopower) prezentowa\u0107 b\u0119d\u0105 swoje nowe utwory. <\/p>\n<p>Pierwszy dzie\u0144 imprezy zako\u0144czy, prowadzony przez Adama Nowaka, koncert Debiuty. Wyst\u0105pi\u0105 na nim debiutuj\u0105cy arty\u015bci wybrani podczas eliminacji, a tak\u017ce laureat &#8222;Szansy na sukces&#8221;, zwyci\u0119zca &#8222;Przebojowej nocy&#8221; i finalista konkursu organizowanego przez Miejski O\u015brodek Kultury w Opolu. <\/p>\n<p>Zdaniem Zuzany \u0141apickiej-Olbrychskiej, p.o. kierownika redakcji rozrywki TVP1, opolski festiwal &#8222;w spos&oacute;b wzorcowy \u0142\u0105czy misj\u0119 z rozrywk\u0105&#8221;. &#8211; Niekoniecznie stacje komercyjne promuj\u0105 piosenki, kt&oacute;rych nikt nie zna, a my to robimy z wielk\u0105 pomp\u0105 &#8211; m&oacute;wi o koncertach Premier i Debiutach.<\/p>\n<p>14 czerwca na pocz\u0105tek odb\u0119dzie si\u0119 recital zespo\u0142u Bajm, a nast\u0119pnie rozstrzygni\u0119ty zostanie plebiscyt Superjedynki. Koncert poprowadz\u0105 Artur Orzech i Katarzyna Glinka. Superjedynki zostan\u0105 rozdane w 6 kategoriach: debiut roku, p\u0142yta roku, zesp&oacute;\u0142 roku, przeb&oacute;j roku, artysta roku i superwyst\u0119p. <\/p>\n<p>Na koniec drugiego dnia organizatorzy zaplanowani Kabareton, kt&oacute;rego gospodarzami b\u0119dzie Kabaret Moralnego Niepokoju. Podczas Kabaretonu zobaczy\u0107 b\u0119dzie mo\u017cna kabarety Ani Mru Mru, Neo-N&oacute;wka, Ko\u0144 Polski, Paranienormalni, Elita oraz Kabaret pod Wyrwigroszem. Na scenie pojawi\u0105 si\u0119 tak\u017ce Ivan Mladek i Banjo Band.<\/p>\n<p>Festiwal zako\u0144czy si\u0119 15 czerwca recitalem Edyty G&oacute;rniak oraz koncertem &#8222;Dobre bo (o)polskie&#8221;, kt&oacute;ry ma pokaza\u0107, jak scena i styl bycia zmienia\u0142 si\u0119 przez ostatnie 45 lat. Najciekawsze zjawiska b\u0119d\u0105 komentowa\u0107 Maria Szab\u0142owska i Krzysztof Szewczyk oraz Krzysztof Piasecki i Janusz Rewi\u0144ski.<\/p>\n<p>Po raz kolejny wszystkie festiwalowe koncerty zobaczy\u0107 b\u0119dzie mo\u017cna nie tylko w TVP1 i TV Polonia, ale i w internecie na stronie opole2008.itvp.pl. W serwisie zndajd\u0105 si\u0119 r&oacute;wnie\u017c dodatkowe materia\u0142y, m.in. rozmowy z artystami i zdj\u0119cia. Nie zabraknie te\u017c informacji o poszczeg&oacute;lnych dniach festiwalu.<\/p>\n<p>Festiwal poprzedni koncert plenerowy na opolskim Placu Wolno\u015bci, kt&oacute;ry odb\u0119dzie si\u0119 11 czerwca. Podczas tej imprezy wyst\u0105pi\u0105 Paprika Corps, Jarecki, Jakub K\u0119sy i News, Muariolanza oraz Hurt. Jedn\u0105 z atrakcji b\u0119dzie tak\u017ce koncert na \u015bcianie.<\/p>\n<p>Dyrektorem 45. Festiwalu Piosenki Polskiej w Opolu jest Piotr Klatt, a producentem &ndash; Cezary Gol\u0119dzinowski. Koncerty wyre\u017cyseruj\u0105 Wojciech Ko\u015bcielniak (Debiuty), Boles\u0142aw Pawica (Premiery), Jaros\u0142aw Minkowicz (Superjedynki), Beata Harasimowicz (Kabareton) i Beata Szyma\u0144ska (Dobre bo (o)polskie).<\/p>\n","protected":false},"excerpt":{"rendered":"Festiwal w Opolu w spos&oacute;b wzorcowy \u0142\u0105czy misj\u0119 z rozrywk\u0105 &#8211; uwa\u017ca TVP, kt&oacute;ra w tym roku imprez\u0119 zorganizuje po raz 45.","protected":false},"author":1,"featured_media":50919,"comment_status":"open","ping_status":"closed","sticky":false,"template":"","format":"standard","meta":{"csco_display_header_overlay":false,"csco_singular_sidebar":"","csco_page_header_type":"","csco_page_load_nextpost":"","csco_post_video_location":[],"csco_post_video_location_hash":"","csco_post_video_url":"","csco_post_video_bg_start_time":0,"csco_post_video_bg_end_time":0,"footnotes":""},"categories":[9670],"tags":[392],"class_list":{"0":"post-50918","1":"post","2":"type-post","3":"status-publish","4":"format-standard","5":"has-post-thumbnail","7":"category-tv","8":"tag-tvp","9":"cs-entry","10":"cs-video-wrap"},"_links":{"self":[{"href":"https:\/\/mediarun.com\/pl\/wp-json\/wp\/v2\/posts\/50918","targetHints":{"allow":["GET"]}}],"collection":[{"href":"https:\/\/mediarun.com\/pl\/wp-json\/wp\/v2\/posts"}],"about":[{"href":"https:\/\/mediarun.com\/pl\/wp-json\/wp\/v2\/types\/post"}],"author":[{"embeddable":true,"href":"https:\/\/mediarun.com\/pl\/wp-json\/wp\/v2\/users\/1"}],"replies":[{"embeddable":true,"href":"https:\/\/mediarun.com\/pl\/wp-json\/wp\/v2\/comments?post=50918"}],"version-history":[{"count":0,"href":"https:\/\/mediarun.com\/pl\/wp-json\/wp\/v2\/posts\/50918\/revisions"}],"wp:featuredmedia":[{"embeddable":true,"href":"https:\/\/mediarun.com\/pl\/wp-json\/wp\/v2\/media\/50919"}],"wp:attachment":[{"href":"https:\/\/mediarun.com\/pl\/wp-json\/wp\/v2\/media?parent=50918"}],"wp:term":[{"taxonomy":"category","embeddable":true,"href":"https:\/\/mediarun.com\/pl\/wp-json\/wp\/v2\/categories?post=50918"},{"taxonomy":"post_tag","embeddable":true,"href":"https:\/\/mediarun.com\/pl\/wp-json\/wp\/v2\/tags?post=50918"}],"curies":[{"name":"wp","href":"https:\/\/api.w.org\/{rel}","templated":true}]}}