{"id":50843,"date":"2008-05-15T13:42:47","date_gmt":"2008-05-15T11:42:47","guid":{"rendered":"https:\/\/mediarun.com\/index.php\/news-posts\/czworka-mala-czarna-ma-mniej-widzow\/"},"modified":"2008-05-15T13:42:47","modified_gmt":"2008-05-15T11:42:47","slug":"czworka-mala-czarna-ma-mniej-widzow","status":"publish","type":"post","link":"https:\/\/mediarun.com\/pl\/media\/tv\/czworka-mala-czarna-ma-mniej-widzow.html","title":{"rendered":"Czw\u00f3rka: &#8222;Ma\u0142a czarna&#8221; ma mniej widz\u00f3w"},"content":{"rendered":"<p>Czw&oacute;rka emitowa\u0142a nowe odcinki &#8222;Ma\u0142ej czarnej&#8221; od 11 lutego do 8 maja br. od poniedzia\u0142ku do pi\u0105tku o 17.30. Program gromadzi\u0142 przed telewizorami \u015brednio 99 tys. widz&oacute;w przy udziale w rynku wynosz\u0105cym 0,94 proc.<\/p>\n<p>Pierwsz\u0105 seri\u0119 &#8222;Ma\u0142ej czarnej&#8221; widzowie Czw&oacute;rki mogli ogl\u0105da\u0107 od 1 pa\u017adziernika do 24 grudnia 2007 r. W&oacute;wczas talk-show ogl\u0105da\u0142o \u015brednio 117 tys., a udzia\u0142 w rynku stacji w tym czasie kszta\u0142towa\u0142 si\u0119 na poziomie 0,98 proc.<\/p>\n<p>Nowe odcinki programu pojawi\u0105 si\u0119 na antenie Czw&oacute;rki po wakacjach.<\/p>\n","protected":false},"excerpt":{"rendered":"Tegoroczna seria talk-show &#8222;Ma\u0142a czarna&#8221; telewizyjnej Czw&oacute;rki mia\u0142a mniejsz\u0105 ogl\u0105dalno\u015b\u0107 ni\u017c ubieg\u0142oroczna &#8211; wynika z danych AGB NMR.","protected":false},"author":1,"featured_media":50844,"comment_status":"open","ping_status":"closed","sticky":false,"template":"","format":"standard","meta":{"csco_display_header_overlay":false,"csco_singular_sidebar":"","csco_page_header_type":"","csco_page_load_nextpost":"","csco_post_video_location":[],"csco_post_video_location_hash":"","csco_post_video_url":"","csco_post_video_bg_start_time":0,"csco_post_video_bg_end_time":0,"footnotes":""},"categories":[9670],"tags":[1162,1113],"class_list":{"0":"post-50843","1":"post","2":"type-post","3":"status-publish","4":"format-standard","5":"has-post-thumbnail","7":"category-tv","8":"tag-czworka","9":"tag-ogladalnosc","10":"cs-entry","11":"cs-video-wrap"},"_links":{"self":[{"href":"https:\/\/mediarun.com\/pl\/wp-json\/wp\/v2\/posts\/50843","targetHints":{"allow":["GET"]}}],"collection":[{"href":"https:\/\/mediarun.com\/pl\/wp-json\/wp\/v2\/posts"}],"about":[{"href":"https:\/\/mediarun.com\/pl\/wp-json\/wp\/v2\/types\/post"}],"author":[{"embeddable":true,"href":"https:\/\/mediarun.com\/pl\/wp-json\/wp\/v2\/users\/1"}],"replies":[{"embeddable":true,"href":"https:\/\/mediarun.com\/pl\/wp-json\/wp\/v2\/comments?post=50843"}],"version-history":[{"count":0,"href":"https:\/\/mediarun.com\/pl\/wp-json\/wp\/v2\/posts\/50843\/revisions"}],"wp:featuredmedia":[{"embeddable":true,"href":"https:\/\/mediarun.com\/pl\/wp-json\/wp\/v2\/media\/50844"}],"wp:attachment":[{"href":"https:\/\/mediarun.com\/pl\/wp-json\/wp\/v2\/media?parent=50843"}],"wp:term":[{"taxonomy":"category","embeddable":true,"href":"https:\/\/mediarun.com\/pl\/wp-json\/wp\/v2\/categories?post=50843"},{"taxonomy":"post_tag","embeddable":true,"href":"https:\/\/mediarun.com\/pl\/wp-json\/wp\/v2\/tags?post=50843"}],"curies":[{"name":"wp","href":"https:\/\/api.w.org\/{rel}","templated":true}]}}