{"id":50825,"date":"2008-05-15T15:32:57","date_gmt":"2008-05-15T13:32:57","guid":{"rendered":"https:\/\/mediarun.com\/index.php\/news-posts\/pawelczyk-w-dzienniku-polska\/"},"modified":"2008-05-15T15:32:57","modified_gmt":"2008-05-15T13:32:57","slug":"pawelczyk-w-dzienniku-polska","status":"publish","type":"post","link":"https:\/\/mediarun.com\/pl\/media\/prasa\/pawelczyk-w-dzienniku-polska.html","title":{"rendered":"Pawelczyk w dzienniku Polska"},"content":{"rendered":"<p>Grzegorz Pawelczyk b\u0119dzie w dzienniku Polska szefem dzia\u0142u krajowego. Zast\u0105pi na tym stanowisku Marka Kacprzaka, kt&oacute;ry przechodzi do kana\u0142u Polsat News.<\/p>\n<p>Pawelczyk dotychczas by\u0142 zast\u0119pc\u0105 redaktora naczelnego tygodnika Wprost, w kt&oacute;rym pracowa\u0142 od 1997 r. Identyczn\u0105 funkcj\u0119 piastowa\u0142 w \u017byciu Warszawy<\/p>\n","protected":false},"excerpt":{"rendered":"Grzegorz Pawelczyk, do niedawna zwi\u0105zany z tygodnikiem Wprost, z pocz\u0105tkiem czerwca przejdzie do dziennika Polska.","protected":false},"author":1,"featured_media":50826,"comment_status":"open","ping_status":"closed","sticky":false,"template":"","format":"standard","meta":{"csco_display_header_overlay":false,"csco_singular_sidebar":"","csco_page_header_type":"","csco_page_load_nextpost":"","csco_post_video_location":[],"csco_post_video_location_hash":"","csco_post_video_url":"","csco_post_video_bg_start_time":0,"csco_post_video_bg_end_time":0,"footnotes":""},"categories":[9673],"tags":[556,348],"class_list":{"0":"post-50825","1":"post","2":"type-post","3":"status-publish","4":"format-standard","5":"has-post-thumbnail","7":"category-prasa","8":"tag-polska","9":"tag-wprost","10":"cs-entry","11":"cs-video-wrap"},"_links":{"self":[{"href":"https:\/\/mediarun.com\/pl\/wp-json\/wp\/v2\/posts\/50825","targetHints":{"allow":["GET"]}}],"collection":[{"href":"https:\/\/mediarun.com\/pl\/wp-json\/wp\/v2\/posts"}],"about":[{"href":"https:\/\/mediarun.com\/pl\/wp-json\/wp\/v2\/types\/post"}],"author":[{"embeddable":true,"href":"https:\/\/mediarun.com\/pl\/wp-json\/wp\/v2\/users\/1"}],"replies":[{"embeddable":true,"href":"https:\/\/mediarun.com\/pl\/wp-json\/wp\/v2\/comments?post=50825"}],"version-history":[{"count":0,"href":"https:\/\/mediarun.com\/pl\/wp-json\/wp\/v2\/posts\/50825\/revisions"}],"wp:featuredmedia":[{"embeddable":true,"href":"https:\/\/mediarun.com\/pl\/wp-json\/wp\/v2\/media\/50826"}],"wp:attachment":[{"href":"https:\/\/mediarun.com\/pl\/wp-json\/wp\/v2\/media?parent=50825"}],"wp:term":[{"taxonomy":"category","embeddable":true,"href":"https:\/\/mediarun.com\/pl\/wp-json\/wp\/v2\/categories?post=50825"},{"taxonomy":"post_tag","embeddable":true,"href":"https:\/\/mediarun.com\/pl\/wp-json\/wp\/v2\/tags?post=50825"}],"curies":[{"name":"wp","href":"https:\/\/api.w.org\/{rel}","templated":true}]}}