{"id":50778,"date":"2008-05-16T15:43:10","date_gmt":"2008-05-16T13:43:10","guid":{"rendered":"https:\/\/mediarun.com\/index.php\/news-posts\/nowy-cykl-artykulow-w-gazecie-prawnej\/"},"modified":"2008-05-16T15:43:10","modified_gmt":"2008-05-16T13:43:10","slug":"nowy-cykl-artykulow-w-gazecie-prawnej","status":"publish","type":"post","link":"https:\/\/mediarun.com\/pl\/media\/prasa\/nowy-cykl-artykulow-w-gazecie-prawnej.html","title":{"rendered":"Nowy cykl artyku\u0142\u00f3w w Gazecie Prawnej"},"content":{"rendered":"<p>Om&oacute;wione zostan\u0105 w nim zagadnienia zwi\u0105zane z rynkiem pracy, szkoleniami czy edukacj\u0105, b\u0119dzie mo\u017cna w nim r&oacute;wnie\u017c znale\u017a\u0107 artyku\u0142y skierowane do marketingowc&oacute;w i kadr zarz\u0105dzaj\u0105cych. Teksty maj\u0105 mie\u0107 charakter poradnikowy, przyst\u0119pny zar&oacute;wno dla do\u015bwiadczonych specjalist&oacute;w jak i os&oacute;b dopiero zaczynaj\u0105cych swoj\u0105 karier\u0119.<\/p>\n<p>Na razie &#8222;Praca i kariera&#8221; b\u0119dzie publikowane co tydzie\u0144 jako kolumna ko\u0144cu sekcji &#8222;Praca i Ubezpieczenia&#8221;. Pierwszym tematem ma by\u0107 rekrutacja i wszelkie zagadnienia z ni\u0105 zwi\u0105zane.<\/p>\n","protected":false},"excerpt":{"rendered":"W najbli\u017cszy poniedzia\u0142ek Gazeta Prawna rozpoczyna publikowanie tekst&oacute;w z cyklu &#8222;Praca i kariera&#8221;.","protected":false},"author":1,"featured_media":50779,"comment_status":"open","ping_status":"closed","sticky":false,"template":"","format":"standard","meta":{"csco_display_header_overlay":false,"csco_singular_sidebar":"","csco_page_header_type":"","csco_page_load_nextpost":"","csco_post_video_location":[],"csco_post_video_location_hash":"","csco_post_video_url":"","csco_post_video_bg_start_time":0,"csco_post_video_bg_end_time":0,"footnotes":""},"categories":[9673],"tags":[1666],"class_list":{"0":"post-50778","1":"post","2":"type-post","3":"status-publish","4":"format-standard","5":"has-post-thumbnail","7":"category-prasa","8":"tag-gazeta-prawna","9":"cs-entry","10":"cs-video-wrap"},"_links":{"self":[{"href":"https:\/\/mediarun.com\/pl\/wp-json\/wp\/v2\/posts\/50778","targetHints":{"allow":["GET"]}}],"collection":[{"href":"https:\/\/mediarun.com\/pl\/wp-json\/wp\/v2\/posts"}],"about":[{"href":"https:\/\/mediarun.com\/pl\/wp-json\/wp\/v2\/types\/post"}],"author":[{"embeddable":true,"href":"https:\/\/mediarun.com\/pl\/wp-json\/wp\/v2\/users\/1"}],"replies":[{"embeddable":true,"href":"https:\/\/mediarun.com\/pl\/wp-json\/wp\/v2\/comments?post=50778"}],"version-history":[{"count":0,"href":"https:\/\/mediarun.com\/pl\/wp-json\/wp\/v2\/posts\/50778\/revisions"}],"wp:featuredmedia":[{"embeddable":true,"href":"https:\/\/mediarun.com\/pl\/wp-json\/wp\/v2\/media\/50779"}],"wp:attachment":[{"href":"https:\/\/mediarun.com\/pl\/wp-json\/wp\/v2\/media?parent=50778"}],"wp:term":[{"taxonomy":"category","embeddable":true,"href":"https:\/\/mediarun.com\/pl\/wp-json\/wp\/v2\/categories?post=50778"},{"taxonomy":"post_tag","embeddable":true,"href":"https:\/\/mediarun.com\/pl\/wp-json\/wp\/v2\/tags?post=50778"}],"curies":[{"name":"wp","href":"https:\/\/api.w.org\/{rel}","templated":true}]}}