{"id":50559,"date":"2008-05-26T16:04:27","date_gmt":"2008-05-26T14:04:27","guid":{"rendered":"https:\/\/mediarun.com\/index.php\/news-posts\/wkrotce-pierwsze-notowanie-compress\/"},"modified":"2008-05-26T16:04:27","modified_gmt":"2008-05-26T14:04:27","slug":"wkrotce-pierwsze-notowanie-compress","status":"publish","type":"post","link":"https:\/\/mediarun.com\/pl\/marketing\/pr\/wkrotce-pierwsze-notowanie-compress.html","title":{"rendered":"Wkr\u00f3tce pierwsze notowanie ComPress"},"content":{"rendered":"<p>W pierwszym etapie procesu inwestycyjnego zostan\u0105 upublicznione istniej\u0105ce akcje sp&oacute;\u0142ki. W drugim etapie, planowanym na IV kwarta\u0142 2008 roku, sp&oacute;\u0142ka przeprowadzi now\u0105 emisj\u0119 akcji, pozwalaj\u0105c\u0105 na pozyskanie kapita\u0142u niezb\u0119dnego do realizacji strategii rozwoju.<\/p>\n<p>ComPress opracowa\u0142 \u015bredniookresow\u0105 strategi\u0119 inwestycyjn\u0105 na lata 2008-2010, maj\u0105c\u0105 na celu wzrost przychod&oacute;w oraz obni\u017cenie koszt&oacute;w realizacji projekt&oacute;w, a tym samym zwi\u0119kszenie ich zyskowno\u015bci. Sp&oacute;\u0142ka przewiduje rozw&oacute;j struktur odpowiedzialnych za organizacj\u0119 wydarze\u0144 specjalnych (eventy) oraz grup kompetencyjnych w obszarze relacji inwestorskich oraz internetowego PR. ComPress nie wyklucza akwizycji firm wyspecjalizowanych we wskazanych obszarach.<\/p>\n<p>Sp&oacute;\u0142ka planuje r&oacute;wnie\u017c wprowadzenie na rynek produktu z obszaru komunikacji wewn\u0119trznej oraz uporz\u0105dkowanie oferty us\u0142ug szkoleniowych i aktywn\u0105 ich sprzeda\u017c na rynku. ComPress planuje wprowadzenie system&oacute;w informatycznych wspieraj\u0105cych zarz\u0105dzanie projektami oraz budowanie relacji z klientami (CRM). Profesjonalne \u015brodowisko informatyczne pozwoli zwi\u0119kszy\u0107 sprawno\u015b\u0107 obs\u0142ugi klient&oacute;w i wp\u0142ynie na ograniczenie koszt&oacute;w operacyjnych zwi\u0105zanych z realizacj\u0105 projekt&oacute;w.<\/p>\n<p>&#8211; Realizacja plan&oacute;w pozwoli uzyska\u0107 w 2010 r. zysk netto na poziomie 0,5 mln z\u0142. &#8211; przewiduje Bogdan Biniszewski, prezes zarz\u0105du ComPress.<\/p>\n","protected":false},"excerpt":{"rendered":"28 maja br. odb\u0119dzie si\u0119 pierwsze notowanie akcji ComPress na rynku NewConnect Gie\u0142dy Papier&oacute;w Warto\u015bciowych.","protected":false},"author":1,"featured_media":50560,"comment_status":"open","ping_status":"closed","sticky":false,"template":"","format":"standard","meta":{"csco_display_header_overlay":false,"csco_singular_sidebar":"","csco_page_header_type":"","csco_page_load_nextpost":"","csco_post_video_location":[],"csco_post_video_location_hash":"","csco_post_video_url":"","csco_post_video_bg_start_time":0,"csco_post_video_bg_end_time":0,"footnotes":""},"categories":[9648],"tags":[995],"class_list":{"0":"post-50559","1":"post","2":"type-post","3":"status-publish","4":"format-standard","5":"has-post-thumbnail","7":"category-pr","8":"tag-compress","9":"cs-entry","10":"cs-video-wrap"},"_links":{"self":[{"href":"https:\/\/mediarun.com\/pl\/wp-json\/wp\/v2\/posts\/50559","targetHints":{"allow":["GET"]}}],"collection":[{"href":"https:\/\/mediarun.com\/pl\/wp-json\/wp\/v2\/posts"}],"about":[{"href":"https:\/\/mediarun.com\/pl\/wp-json\/wp\/v2\/types\/post"}],"author":[{"embeddable":true,"href":"https:\/\/mediarun.com\/pl\/wp-json\/wp\/v2\/users\/1"}],"replies":[{"embeddable":true,"href":"https:\/\/mediarun.com\/pl\/wp-json\/wp\/v2\/comments?post=50559"}],"version-history":[{"count":0,"href":"https:\/\/mediarun.com\/pl\/wp-json\/wp\/v2\/posts\/50559\/revisions"}],"wp:featuredmedia":[{"embeddable":true,"href":"https:\/\/mediarun.com\/pl\/wp-json\/wp\/v2\/media\/50560"}],"wp:attachment":[{"href":"https:\/\/mediarun.com\/pl\/wp-json\/wp\/v2\/media?parent=50559"}],"wp:term":[{"taxonomy":"category","embeddable":true,"href":"https:\/\/mediarun.com\/pl\/wp-json\/wp\/v2\/categories?post=50559"},{"taxonomy":"post_tag","embeddable":true,"href":"https:\/\/mediarun.com\/pl\/wp-json\/wp\/v2\/tags?post=50559"}],"curies":[{"name":"wp","href":"https:\/\/api.w.org\/{rel}","templated":true}]}}