{"id":5051,"date":"2012-08-23T16:30:22","date_gmt":"2012-08-23T14:30:22","guid":{"rendered":"https:\/\/mediarun.com\/index.php\/news-posts\/volvo-wybralo-ambasadora-nowego-modelu-v40\/"},"modified":"2015-01-13T01:27:55","modified_gmt":"2015-01-13T01:27:55","slug":"volvo-wybralo-ambasadora-nowego-modelu-v40","status":"publish","type":"post","link":"https:\/\/mediarun.com\/pl\/digital\/social-media\/volvo-wybralo-ambasadora-nowego-modelu-v40.html","title":{"rendered":"Volvo wybra\u0142o ambasadora nowego modelu V40"},"content":{"rendered":"<p>Zwyci\u0119zc\u0105 zosta\u0142 Jakub Jod\u0142owski, kt&oacute;ry przez 3 miesi\u0105ce b\u0119dzie testowa\u0142 nowy model Volvo.<\/p>\n<p>Zadaniem uczestnik&oacute;w by\u0142o przygotowanie kreatywnego filmu, w kt&oacute;rym mieli przekona\u0107 internaut&oacute;w oraz jury Volvo Auto Polska, \u017ce to w\u0142a\u015bnie oni powinni zosta\u0107 nowym ambasadorem Volvo.<\/p>\n<p>Jednog\u0142o\u015bnie przez internaut&oacute;w oraz jury jako zwyci\u0119ski film wybrano prac\u0119 Jakuba Jod\u0142owskiego, pt. &#8222;Dzie\u0144 z \u017cycia&#8221;. W tym\u017ce filmie przedstawi\u0142 swoj\u0105 pasj\u0119 do Volvo i wspinaczki. Zwyci\u0119zca zamieni\u0142 swojego Volvo 480 na nowe Volvo V40.<\/p>\n<p>Zaskoczy\u0142 nas profesjonalizm i pomys\u0142owo\u015b\u0107 film&oacute;w przygotowanych przez u\u017cytkownik&oacute;w. Na nowego ambasadora modelu Volvo, postanowili\u015bmy wybra\u0107 Jakuba Jod\u0142owskiego, poniewa\u017c pokaza\u0142 w nim w bardzo oryginalny spos&oacute;b swoj\u0105 pasj\u0119 do naszej marki. Dodatkowo zdecydowali\u015bmy si\u0119 przyzna\u0107 dwie nagrody specjalne &#8211; tygodniowe testy nowego Volvo V40 dla Remigiusza R\u0105pa\u0142y i Szymona Kuriaty. Ich filmy by\u0142y jednymi z najlepszym pod wzgl\u0119dem jako\u015bci &#8211; powiedzia\u0142 \u0141ukasz W&oacute;jcik, Communication Manager z Volvo Auto Polska.<\/p>\n<p>Nagrodzono r&oacute;wnie\u017c uczestnik&oacute;w, kt&oacute;rzy zaj\u0119li miejsca od 2-20. Osoby te otrzyma\u0142y nagrody rzeczowe z kolekcji gad\u017cet&oacute;w nowego Volvo V40.<\/p>\n","protected":false},"excerpt":{"rendered":"Wsr&oacute;d fan&oacute;w Volvo na Facebooku, wybrany zosta\u0142 ambasadora nowego Volvo V40.","protected":false},"author":1,"featured_media":5052,"comment_status":"open","ping_status":"closed","sticky":false,"template":"","format":"standard","meta":{"csco_display_header_overlay":false,"csco_singular_sidebar":"","csco_page_header_type":"","csco_page_load_nextpost":"","csco_post_video_location":[],"csco_post_video_location_hash":"","csco_post_video_url":"","csco_post_video_bg_start_time":0,"csco_post_video_bg_end_time":0,"footnotes":""},"categories":[9658,20],"tags":[128,979],"class_list":{"0":"post-5051","1":"post","2":"type-post","3":"status-publish","4":"format-standard","5":"has-post-thumbnail","7":"category-branding","8":"category-social-media","9":"tag-facebook","10":"tag-volvo","11":"cs-entry","12":"cs-video-wrap"},"_links":{"self":[{"href":"https:\/\/mediarun.com\/pl\/wp-json\/wp\/v2\/posts\/5051","targetHints":{"allow":["GET"]}}],"collection":[{"href":"https:\/\/mediarun.com\/pl\/wp-json\/wp\/v2\/posts"}],"about":[{"href":"https:\/\/mediarun.com\/pl\/wp-json\/wp\/v2\/types\/post"}],"author":[{"embeddable":true,"href":"https:\/\/mediarun.com\/pl\/wp-json\/wp\/v2\/users\/1"}],"replies":[{"embeddable":true,"href":"https:\/\/mediarun.com\/pl\/wp-json\/wp\/v2\/comments?post=5051"}],"version-history":[{"count":0,"href":"https:\/\/mediarun.com\/pl\/wp-json\/wp\/v2\/posts\/5051\/revisions"}],"wp:featuredmedia":[{"embeddable":true,"href":"https:\/\/mediarun.com\/pl\/wp-json\/wp\/v2\/media\/5052"}],"wp:attachment":[{"href":"https:\/\/mediarun.com\/pl\/wp-json\/wp\/v2\/media?parent=5051"}],"wp:term":[{"taxonomy":"category","embeddable":true,"href":"https:\/\/mediarun.com\/pl\/wp-json\/wp\/v2\/categories?post=5051"},{"taxonomy":"post_tag","embeddable":true,"href":"https:\/\/mediarun.com\/pl\/wp-json\/wp\/v2\/tags?post=5051"}],"curies":[{"name":"wp","href":"https:\/\/api.w.org\/{rel}","templated":true}]}}