{"id":50449,"date":"2008-05-28T16:09:50","date_gmt":"2008-05-28T14:09:50","guid":{"rendered":"https:\/\/mediarun.com\/index.php\/news-posts\/richardson-nie-jest-juz-naczelna-zwierciadla\/"},"modified":"2008-05-28T16:09:50","modified_gmt":"2008-05-28T14:09:50","slug":"richardson-nie-jest-juz-naczelna-zwierciadla","status":"publish","type":"post","link":"https:\/\/mediarun.com\/pl\/media\/prasa\/richardson-nie-jest-juz-naczelna-zwierciadla.html","title":{"rendered":"Richardson nie jest ju\u017c\u00a0naczeln\u0105 Zwierciad\u0142a!"},"content":{"rendered":"<p>Richardson pozostaje jednak w wydawnictwie, aby dalej prowadzi\u0107 cykl &#8222;Lubi\u0119 by\u0107 Polakiem&#8221;. Lipcowy numer uka\u017ce si\u0119 ju\u017c pod kierownictwem Manany Chyb, zwi\u0105zanej ze Zwierciad\u0142em od pi\u0119ciu lat.<\/p>\n<p>Chyb szefowa\u0142a wcze\u015bniej dzia\u0142owi kultury w Przekroju oraz by\u0142a zast\u0119pc\u0105 redaktora naczelnego Filmu. W Zwierciadle prowadzi\u0142a wydanie specjalne &#8222;Poradnik Psychologiczny. Sens&#8221;.<\/p>\n<p>Zast\u0119pcami redaktor naczelnej zosta\u0142y Anna Bimer i Anna Malanowska.<\/p>\n","protected":false},"excerpt":{"rendered":"Wydawca odwo\u0142a\u0142 Monik\u0119 Richardson ze stanowiska redaktor naczelnej Zwierciad\u0142a.","protected":false},"author":1,"featured_media":50450,"comment_status":"open","ping_status":"closed","sticky":false,"template":"","format":"standard","meta":{"csco_display_header_overlay":false,"csco_singular_sidebar":"","csco_page_header_type":"","csco_page_load_nextpost":"","csco_post_video_location":[],"csco_post_video_location_hash":"","csco_post_video_url":"","csco_post_video_bg_start_time":0,"csco_post_video_bg_end_time":0,"footnotes":""},"categories":[9673],"tags":[559],"class_list":{"0":"post-50449","1":"post","2":"type-post","3":"status-publish","4":"format-standard","5":"has-post-thumbnail","7":"category-prasa","8":"tag-zwierciadlo","9":"cs-entry","10":"cs-video-wrap"},"_links":{"self":[{"href":"https:\/\/mediarun.com\/pl\/wp-json\/wp\/v2\/posts\/50449","targetHints":{"allow":["GET"]}}],"collection":[{"href":"https:\/\/mediarun.com\/pl\/wp-json\/wp\/v2\/posts"}],"about":[{"href":"https:\/\/mediarun.com\/pl\/wp-json\/wp\/v2\/types\/post"}],"author":[{"embeddable":true,"href":"https:\/\/mediarun.com\/pl\/wp-json\/wp\/v2\/users\/1"}],"replies":[{"embeddable":true,"href":"https:\/\/mediarun.com\/pl\/wp-json\/wp\/v2\/comments?post=50449"}],"version-history":[{"count":0,"href":"https:\/\/mediarun.com\/pl\/wp-json\/wp\/v2\/posts\/50449\/revisions"}],"wp:featuredmedia":[{"embeddable":true,"href":"https:\/\/mediarun.com\/pl\/wp-json\/wp\/v2\/media\/50450"}],"wp:attachment":[{"href":"https:\/\/mediarun.com\/pl\/wp-json\/wp\/v2\/media?parent=50449"}],"wp:term":[{"taxonomy":"category","embeddable":true,"href":"https:\/\/mediarun.com\/pl\/wp-json\/wp\/v2\/categories?post=50449"},{"taxonomy":"post_tag","embeddable":true,"href":"https:\/\/mediarun.com\/pl\/wp-json\/wp\/v2\/tags?post=50449"}],"curies":[{"name":"wp","href":"https:\/\/api.w.org\/{rel}","templated":true}]}}