{"id":50437,"date":"2008-05-29T10:06:33","date_gmt":"2008-05-29T08:06:33","guid":{"rendered":"https:\/\/mediarun.com\/index.php\/news-posts\/wielka-emisja-obligacji-telewizji-tvn\/"},"modified":"2008-05-29T10:06:33","modified_gmt":"2008-05-29T08:06:33","slug":"wielka-emisja-obligacji-telewizji-tvn","status":"publish","type":"post","link":"https:\/\/mediarun.com\/pl\/media\/tv\/wielka-emisja-obligacji-telewizji-tvn.html","title":{"rendered":"Wielka emisja obligacji telewizji TVN"},"content":{"rendered":"<p>Do sprzeda\u017cy swoich papier&oacute;w d\u0142u\u017cnych TVN wynaj\u0105\u0142 konsorcjum bank&oacute;w, do kt&oacute;rego wesz\u0142y Bank Pekao (jako organizator) oraz Bank Handlowy i BRE Bank. Emisja obligacji ma przynie\u015b\u0107 sp&oacute;\u0142ce miliard z\u0142otych, ale mo\u017ce by\u0107 zwi\u0119kszona nawet do dw&oacute;ch miliard&oacute;w. &#8211; Jednak na razie tego nie zak\u0142adamy &#8211; podkre\u015bla Piotr Korycki odpowiadaj\u0105cy w TVN m.in. za relacje inwestorskie. Gros pozyskanych pieni\u0119dzy stacja chce przeznaczy\u0107 na wykup i umorzenie euroobligacji, kt&oacute;re TVN wyemitowa\u0142 w 2003 r., &#8222;oraz uzupe\u0142nienie finansowania zaplanowanych inwestycji strategicznych&#8221; &#8211; czytamy w komunikacie zarz\u0105du TVN.<\/p>\n<p>Wyemitowane pi\u0119\u0107 lat temu euroobligacje mia\u0142y \u0142\u0105czn\u0105 warto\u015b\u0107 235 mln euro. W I kwartale tego roku zad\u0142u\u017cenie sp&oacute;\u0142ki z tego tytu\u0142u wynios\u0142o 768 mln z\u0142, jednak wykup euroobligacji b\u0119dzie mo\u017cliwy dopiero od grudnia tego roku. Piotr Korycki z dzia\u0142u relacji inwestorskich TVN powiedzia\u0142, \u017ce przy obecnym kursie euro wcze\u015bniejsza sp\u0142ata d\u0142ugu wraz z premi\u0105 b\u0119dzie kosztowa\u0142a ok. 800 mln z\u0142. Zak\u0142adaj\u0105c, \u017ce nowe obligacje przynios\u0105 jej miliard z\u0142otych, to po sfinansowaniu poprzednich na jej kontach pozostanie jeszcze blisko 200 mln z\u0142. Na co zostan\u0105 przeznaczone? &#8211; Na zaplanowane inwestycje, w tym obj\u0119cie mniejszo\u015bciowego pakietu udzia\u0142&oacute;w w platformie N &#8211; m&oacute;wi Korycki.<\/p>\n<p>Tydzie\u0144 temu TVN poinformowa\u0142 o zakupie 25 proc. akcji platformy cyfrowej N, za kt&oacute;re zgodzi\u0142 si\u0119 zap\u0142aci\u0107 95 mln euro. Po trzech latach stacja b\u0119dzie mog\u0142a powi\u0119kszy\u0107 sw&oacute;j pakiet do 51 proc. Transakcja spotka\u0142a si\u0119 z ostr\u0105 reakcj\u0105 rynku. Kurs akcji TVN zacz\u0105\u0142 spada\u0107 i w ci\u0105gu tygodnia jej kapitalizacja na warszawskiej gie\u0142dzie skurczy\u0142a si\u0119 o miliard z\u0142otych. Analitycy uznali wycen\u0119 platformy za wyg&oacute;rowan\u0105 (blisko 1,28 mld z\u0142) i zarzucili TVN z\u0142e traktowanie mniejszo\u015bciowych akcjonariuszy. N nale\u017cy do Grupy ITI, kt&oacute;ra jednocze\u015bnie kontroluje notowany na gie\u0142dzie TVN. Zatem pieni\u0105dze ze sprzeda\u017cy platformy pow\u0119druj\u0105 z TVN (nale\u017c\u0105cego do Grupy ITI oraz akcjonariuszy mniejszo\u015bciowych) do kasy Grupy ITI.<\/p>\n<p>Wiadomo\u015b\u0107 o planowanej emisji nowych obligacji nie pomog\u0142a kursowi TVN. W \u015brod\u0119 na zamkni\u0119ciu za jedn\u0105 akcj\u0119 sp&oacute;\u0142ki p\u0142acono 18,83 z\u0142, czyli o 0,89 proc. mniej ni\u017c we wtorek.<\/p>\n<p>Wi\u0119cej na <a href=\"http:\/\/http:\/\/www.gazeta.pl\/\">http:\/\/www.gazeta.pl\/<\/a><\/p>\n","protected":false},"excerpt":{"rendered":"Najwi\u0119ksza w Polsce telewizja komercyjna chce pozyska\u0107 miliard z\u0142otych\nze sprzeda\u017cy obligacji. \u015arodki z emisji przeznaczy przede wszystkim na\nsfinansowanie swego zad\u0142u\u017cenia.","protected":false},"author":1,"featured_media":50438,"comment_status":"open","ping_status":"closed","sticky":false,"template":"","format":"standard","meta":{"csco_display_header_overlay":false,"csco_singular_sidebar":"","csco_page_header_type":"","csco_page_load_nextpost":"","csco_post_video_location":[],"csco_post_video_location_hash":"","csco_post_video_url":"","csco_post_video_bg_start_time":0,"csco_post_video_bg_end_time":0,"footnotes":""},"categories":[9670],"tags":[98],"class_list":{"0":"post-50437","1":"post","2":"type-post","3":"status-publish","4":"format-standard","5":"has-post-thumbnail","7":"category-tv","8":"tag-tvn","9":"cs-entry","10":"cs-video-wrap"},"_links":{"self":[{"href":"https:\/\/mediarun.com\/pl\/wp-json\/wp\/v2\/posts\/50437","targetHints":{"allow":["GET"]}}],"collection":[{"href":"https:\/\/mediarun.com\/pl\/wp-json\/wp\/v2\/posts"}],"about":[{"href":"https:\/\/mediarun.com\/pl\/wp-json\/wp\/v2\/types\/post"}],"author":[{"embeddable":true,"href":"https:\/\/mediarun.com\/pl\/wp-json\/wp\/v2\/users\/1"}],"replies":[{"embeddable":true,"href":"https:\/\/mediarun.com\/pl\/wp-json\/wp\/v2\/comments?post=50437"}],"version-history":[{"count":0,"href":"https:\/\/mediarun.com\/pl\/wp-json\/wp\/v2\/posts\/50437\/revisions"}],"wp:featuredmedia":[{"embeddable":true,"href":"https:\/\/mediarun.com\/pl\/wp-json\/wp\/v2\/media\/50438"}],"wp:attachment":[{"href":"https:\/\/mediarun.com\/pl\/wp-json\/wp\/v2\/media?parent=50437"}],"wp:term":[{"taxonomy":"category","embeddable":true,"href":"https:\/\/mediarun.com\/pl\/wp-json\/wp\/v2\/categories?post=50437"},{"taxonomy":"post_tag","embeddable":true,"href":"https:\/\/mediarun.com\/pl\/wp-json\/wp\/v2\/tags?post=50437"}],"curies":[{"name":"wp","href":"https:\/\/api.w.org\/{rel}","templated":true}]}}