{"id":5015,"date":"2012-08-28T17:52:50","date_gmt":"2012-08-28T15:52:50","guid":{"rendered":"https:\/\/mediarun.com\/index.php\/news-posts\/mtv-ruszaja-castingi-do-drugiej-edycji-operacji-stylowa\/"},"modified":"2012-08-28T17:52:50","modified_gmt":"2012-08-28T15:52:50","slug":"mtv-ruszaja-castingi-do-drugiej-edycji-operacji-stylowa","status":"publish","type":"post","link":"https:\/\/mediarun.com\/pl\/media\/tv\/mtv-ruszaja-castingi-do-drugiej-edycji-operacji-stylowa.html","title":{"rendered":"MTV: ruszaj\u0105 castingi do drugiej edycji &#8222;Operacji: styl\u00f3wa&#8221;"},"content":{"rendered":"<p>&#8222;Operacja: styl&oacute;wa&#8221; to program, w kt&oacute;rym wydobywana jest naturalna uroda uczestnik&oacute;w. Z pomoc\u0105 komputerowego systemu POD (Prywatne Oko Doradcze) przejd\u0105 metamorfoz\u0119. Wygl\u0105d uczestnik&oacute;w sprzed i po przemianie skomentuj\u0105  i oceniaj\u0105 przypadkowi widzowie.<\/p>\n<p>Kolejn\u0105 edycj\u0119  poprowadzi Aleksandra Szwed.<\/p>\n<p>&#8211; Gor\u0105ce dyskusje na temat tego, czy ten program promuje &#8222;plastik&#8221;, czy te\u017c z nim walczy potwierdzaj\u0105, \u017ce ci\u0105gle jest miejsce na dopracowanie jego oryginalnej formu\u0142y. Dlatego zdecydowali\u015bmy si\u0119 na drug\u0105 edycj\u0119 &#8211;  m&oacute;wi Jerzy Dzi\u0119gielewski, dyrektor programowy MTV<\/p>\n<p>&#8211; Tak naprawd\u0119 chodzi nam o podkre\u015blenie r&oacute;\u017cnorodno\u015bci. Pokolenie milenijne nieustanie eksperymentuje ze swoim &#8222;lookiem&#8221;&nbsp;i&nbsp;czerpie z r&oacute;\u017cnych \u017ar&oacute;de\u0142, cho\u0107 czasami kto\u015b przesadzi &#8211; dodaje Dzi\u0119gielewski.<\/p>\n<p>W\u0142a\u015bnie trwaj\u0105 castingi do &#8222;Operacji: styl&oacute;wa&#8221;. W drugiej serii programu, kt&oacute;ry zostanie wyemitowany na pocz\u0105tku 2013 r. zobaczymy 16 metamorfoz uczestniczek.<\/p>\n","protected":false},"excerpt":{"rendered":"28 sierpnia MTV rozpocz\u0119\u0142o castingi do drugiej edycji produkcji &#8222;Operacja: styl&oacute;wa&#8221;. Dziewi\u0119\u0107 odcink&oacute;w nowej serii, w tym jeden specjalny zostanie wyemitowanych na pocz\u0105tku 2013 r.","protected":false},"author":1,"featured_media":5016,"comment_status":"open","ping_status":"closed","sticky":false,"template":"","format":"standard","meta":{"csco_display_header_overlay":false,"csco_singular_sidebar":"","csco_page_header_type":"","csco_page_load_nextpost":"","csco_post_video_location":[],"csco_post_video_location_hash":"","csco_post_video_url":"","csco_post_video_bg_start_time":0,"csco_post_video_bg_end_time":0,"footnotes":""},"categories":[9670],"tags":[486],"class_list":{"0":"post-5015","1":"post","2":"type-post","3":"status-publish","4":"format-standard","5":"has-post-thumbnail","7":"category-tv","8":"tag-mtv","9":"cs-entry","10":"cs-video-wrap"},"_links":{"self":[{"href":"https:\/\/mediarun.com\/pl\/wp-json\/wp\/v2\/posts\/5015","targetHints":{"allow":["GET"]}}],"collection":[{"href":"https:\/\/mediarun.com\/pl\/wp-json\/wp\/v2\/posts"}],"about":[{"href":"https:\/\/mediarun.com\/pl\/wp-json\/wp\/v2\/types\/post"}],"author":[{"embeddable":true,"href":"https:\/\/mediarun.com\/pl\/wp-json\/wp\/v2\/users\/1"}],"replies":[{"embeddable":true,"href":"https:\/\/mediarun.com\/pl\/wp-json\/wp\/v2\/comments?post=5015"}],"version-history":[{"count":0,"href":"https:\/\/mediarun.com\/pl\/wp-json\/wp\/v2\/posts\/5015\/revisions"}],"wp:featuredmedia":[{"embeddable":true,"href":"https:\/\/mediarun.com\/pl\/wp-json\/wp\/v2\/media\/5016"}],"wp:attachment":[{"href":"https:\/\/mediarun.com\/pl\/wp-json\/wp\/v2\/media?parent=5015"}],"wp:term":[{"taxonomy":"category","embeddable":true,"href":"https:\/\/mediarun.com\/pl\/wp-json\/wp\/v2\/categories?post=5015"},{"taxonomy":"post_tag","embeddable":true,"href":"https:\/\/mediarun.com\/pl\/wp-json\/wp\/v2\/tags?post=5015"}],"curies":[{"name":"wp","href":"https:\/\/api.w.org\/{rel}","templated":true}]}}