{"id":50102,"date":"2008-06-06T19:00:02","date_gmt":"2008-06-06T17:00:02","guid":{"rendered":"https:\/\/mediarun.com\/index.php\/news-posts\/471-tys-zl-za-wsadzenie-flagi-w-kupe\/"},"modified":"2008-06-06T19:00:02","modified_gmt":"2008-06-06T17:00:02","slug":"471-tys-zl-za-wsadzenie-flagi-w-kupe","status":"publish","type":"post","link":"https:\/\/mediarun.com\/pl\/media\/tv\/471-tys-zl-za-wsadzenie-flagi-w-kupe.html","title":{"rendered":"471 tys. z\u0142 za wsadzenie flagi w kup\u0119"},"content":{"rendered":"<p>Jest to 50 proc. kwoty jak\u0105 TVN p\u0142aci co roku za korzystanie z cz\u0119stotliwo\u015bci.&nbsp;Kwota kary to najwy\u017csza suma, jak\u0105 zgodnie z ustaw\u0105 o radiofonii i telewizji mo\u017cna by\u0142o ukara\u0107 tego nadawc\u0119.<\/p>\n<p>Pod koniec kwietnia KRRiT zdecydowa\u0142a o ukaraniu TVN za wyemitowany 25 marca program Kuby Wojew&oacute;dzkiego z udzia\u0142em rysownika Marka Raczkowskiego, w kt&oacute;rym polsk\u0105 flag\u0119 wtykano w psie odchody. Nie podj\u0119to w&oacute;wczas decyzji o wysoko\u015bci tej kary.<\/p>\n<p>W przyj\u0119tej uchwale KRRiT stwierdzi\u0142a, \u017ce TVN poprzez emisj\u0119 spornego odcinka naruszy\u0142 art. 18 ust. 1 ustawy o radiofonii i telewizji, kt&oacute;ry zakazuje m.in. propagowania &#8222;dzia\u0142a\u0144 sprzecznych z prawem, z polsk\u0105 racj\u0105 stanu oraz postaw i pogl\u0105d&oacute;w sprzecznych z moralno\u015bci\u0105 i dobrem spo\u0142ecznym&#8221;.<\/p>\n<p>Karol Smol\u0105g, rzecznik Grupy TVN powiedzia\u0142, \u017ce TVN nie zgadza si\u0119 z decyzj\u0105 KRRiT i b\u0119dzie odwo\u0142ywa\u0142 si\u0119 do s\u0105du.<\/p>\n","protected":false},"excerpt":{"rendered":"Krajowa Rada Radiofonii i Telewizji podj\u0119\u0142a decyzj\u0119 o na\u0142o\u017ceniu na TVN kary w wysoko\u015bci 471 tysi\u0119cy z\u0142 za program Kuby Wojew&oacute;dzkiego.","protected":false},"author":1,"featured_media":50103,"comment_status":"open","ping_status":"closed","sticky":false,"template":"","format":"standard","meta":{"csco_display_header_overlay":false,"csco_singular_sidebar":"","csco_page_header_type":"","csco_page_load_nextpost":"","csco_post_video_location":[],"csco_post_video_location_hash":"","csco_post_video_url":"","csco_post_video_bg_start_time":0,"csco_post_video_bg_end_time":0,"footnotes":""},"categories":[9670],"tags":[407,588,98],"class_list":{"0":"post-50102","1":"post","2":"type-post","3":"status-publish","4":"format-standard","5":"has-post-thumbnail","7":"category-tv","8":"tag-krrit","9":"tag-kuba-wojewodzki","10":"tag-tvn","11":"cs-entry","12":"cs-video-wrap"},"_links":{"self":[{"href":"https:\/\/mediarun.com\/pl\/wp-json\/wp\/v2\/posts\/50102","targetHints":{"allow":["GET"]}}],"collection":[{"href":"https:\/\/mediarun.com\/pl\/wp-json\/wp\/v2\/posts"}],"about":[{"href":"https:\/\/mediarun.com\/pl\/wp-json\/wp\/v2\/types\/post"}],"author":[{"embeddable":true,"href":"https:\/\/mediarun.com\/pl\/wp-json\/wp\/v2\/users\/1"}],"replies":[{"embeddable":true,"href":"https:\/\/mediarun.com\/pl\/wp-json\/wp\/v2\/comments?post=50102"}],"version-history":[{"count":0,"href":"https:\/\/mediarun.com\/pl\/wp-json\/wp\/v2\/posts\/50102\/revisions"}],"wp:featuredmedia":[{"embeddable":true,"href":"https:\/\/mediarun.com\/pl\/wp-json\/wp\/v2\/media\/50103"}],"wp:attachment":[{"href":"https:\/\/mediarun.com\/pl\/wp-json\/wp\/v2\/media?parent=50102"}],"wp:term":[{"taxonomy":"category","embeddable":true,"href":"https:\/\/mediarun.com\/pl\/wp-json\/wp\/v2\/categories?post=50102"},{"taxonomy":"post_tag","embeddable":true,"href":"https:\/\/mediarun.com\/pl\/wp-json\/wp\/v2\/tags?post=50102"}],"curies":[{"name":"wp","href":"https:\/\/api.w.org\/{rel}","templated":true}]}}