{"id":50005,"date":"2008-06-10T13:33:43","date_gmt":"2008-06-10T11:33:43","guid":{"rendered":"https:\/\/mediarun.com\/index.php\/news-posts\/tvp-dla-milosnikow-literatury\/"},"modified":"2008-06-10T13:33:43","modified_gmt":"2008-06-10T11:33:43","slug":"tvp-dla-milosnikow-literatury","status":"publish","type":"post","link":"https:\/\/mediarun.com\/pl\/media\/tv\/tvp-dla-milosnikow-literatury.html","title":{"rendered":"TVP dla mi\u0142o\u015bnik\u00f3w literatury"},"content":{"rendered":"<p>W ramach &#8222;Czytajmy&#8221; jednego dnia antenie TVP1, TVP2 oraz TVP Info ukazuj\u0105 si\u0119 kilkuminutowe programy po\u015bwi\u0119cone jednemu tytu\u0142owi. Dzi\u015b w ramach pierwszego dnia cyklu mo\u017cna obejrze\u0107 programy na temat &#8222;Luftwaffe nad Polsk\u0105 1939&#8221; Mariusa Emmerlinga, &#8222;Nie tkn\u0105\u0142 mnie nikt&#8221; Wac\u0142awa Holewi\u0144skiego,&nbsp; &#8222;Boles\u0142awa Kontryma \u017cycie zuchwa\u0142e&#8221; Witolda Paska, &#8222;Do\u017cylnie o Dudku&#8221; Romana i Piotra Dziewo\u0144skich,&nbsp; &#8222;Tw&oacute;rcy&#8221; Paula Johnsona, &#8222;Dzienniki z lat osiemdziesi\u0105tych&#8221; Teodora Parnickiego.<\/p>\n<p>&#8222;Czytajmy&#8221; nie maj\u0105 sta\u0142ego czasu emisji i b\u0119d\u0105 emitowane seriami po trzy &#8211; cztery ksi\u0105\u017cki tygodniowo, od czerwca do pa\u017adziernika. W ramach cyklu zostanie zaprezentowanych oko\u0142o sze\u015b\u0107dziesi\u0119ciu tytu\u0142&oacute;w.<\/p>\n","protected":false},"excerpt":{"rendered":"Telewizja Polska rozpocz\u0119\u0142a emisj\u0119 nowego cyklu program&oacute;w promuj\u0105cych ksi\u0105\u017cki &#8211; &#8222;Czytajmy&#8221;.","protected":false},"author":1,"featured_media":50006,"comment_status":"open","ping_status":"closed","sticky":false,"template":"","format":"standard","meta":{"csco_display_header_overlay":false,"csco_singular_sidebar":"","csco_page_header_type":"","csco_page_load_nextpost":"","csco_post_video_location":[],"csco_post_video_location_hash":"","csco_post_video_url":"","csco_post_video_bg_start_time":0,"csco_post_video_bg_end_time":0,"footnotes":""},"categories":[9670],"tags":[1195,558,610],"class_list":{"0":"post-50005","1":"post","2":"type-post","3":"status-publish","4":"format-standard","5":"has-post-thumbnail","7":"category-tv","8":"tag-tvp-info","9":"tag-tvp1","10":"tag-tvp2","11":"cs-entry","12":"cs-video-wrap"},"_links":{"self":[{"href":"https:\/\/mediarun.com\/pl\/wp-json\/wp\/v2\/posts\/50005","targetHints":{"allow":["GET"]}}],"collection":[{"href":"https:\/\/mediarun.com\/pl\/wp-json\/wp\/v2\/posts"}],"about":[{"href":"https:\/\/mediarun.com\/pl\/wp-json\/wp\/v2\/types\/post"}],"author":[{"embeddable":true,"href":"https:\/\/mediarun.com\/pl\/wp-json\/wp\/v2\/users\/1"}],"replies":[{"embeddable":true,"href":"https:\/\/mediarun.com\/pl\/wp-json\/wp\/v2\/comments?post=50005"}],"version-history":[{"count":0,"href":"https:\/\/mediarun.com\/pl\/wp-json\/wp\/v2\/posts\/50005\/revisions"}],"wp:featuredmedia":[{"embeddable":true,"href":"https:\/\/mediarun.com\/pl\/wp-json\/wp\/v2\/media\/50006"}],"wp:attachment":[{"href":"https:\/\/mediarun.com\/pl\/wp-json\/wp\/v2\/media?parent=50005"}],"wp:term":[{"taxonomy":"category","embeddable":true,"href":"https:\/\/mediarun.com\/pl\/wp-json\/wp\/v2\/categories?post=50005"},{"taxonomy":"post_tag","embeddable":true,"href":"https:\/\/mediarun.com\/pl\/wp-json\/wp\/v2\/tags?post=50005"}],"curies":[{"name":"wp","href":"https:\/\/api.w.org\/{rel}","templated":true}]}}