{"id":4993,"date":"2012-08-30T13:28:46","date_gmt":"2012-08-30T11:28:46","guid":{"rendered":"https:\/\/mediarun.com\/index.php\/news-posts\/znika-prawo-i-porzadek-ostatni-sezon-na-13th-street-universal\/"},"modified":"2012-08-30T13:28:46","modified_gmt":"2012-08-30T11:28:46","slug":"znika-prawo-i-porzadek-ostatni-sezon-na-13th-street-universal","status":"publish","type":"post","link":"https:\/\/mediarun.com\/pl\/media\/tv\/znika-prawo-i-porzadek-ostatni-sezon-na-13th-street-universal.html","title":{"rendered":"Znika &#8222;Prawo i porz\u0105dek&#8221;. Ostatni sezon na 13th Street Universal"},"content":{"rendered":"<p>Pierwszy odcinek &#8222;Prawa i porz\u0105dku&#8221; zosta\u0142 wyemitowany w Stanach Zjednoczonych  13 wrze\u015bnia 1990.<\/p>\n<p>Przez dwie dekady widzowie poznali porucznik Anit\u0119 Van Buren (S. Epatha Merkerson), &nbsp;\u0142\u0105cz\u0105c\u0105 obowi\u0105zki matki, \u017cony i nadzorczyni grupy niedosz\u0142ych samob&oacute;jc&oacute;w. Widzowie \u015bledzili losy Jacka McCoy&#8217;a (Sam Waterson) &#8211; zast\u0119pcy prokuratora okr\u0119gowego. Poznali tak\u017ce Connie Rubiros\u0119 (Alana De La Garza), znan\u0105 ze swych konserwatywnych pogl\u0105d&oacute;w i odwagi. To tylko kilka os&oacute;b z po\u015br&oacute;d galerii postaci, kt&oacute;re przez lata dba\u0142y o porz\u0105dek w Nowym Yorku.<\/p>\n<p>W serialu zbrodnie (inspirowane prawdziwymi przypadkami) ukazane si\u0119 z dw&oacute;ch perspektyw. Ka\u017cdy odcinek jest podzielony na dwie cz\u0119\u015bci. Widzowie ogl\u0105daj\u0105 zar&oacute;wno \u015bledztwo prowadzone przez policj\u0119, jak i dotycz\u0105ce danej sprawy, post\u0119powanie w s\u0105dzie.&nbsp;<\/p>\n<p>W&nbsp;pierwszym odcinku najnowszej serii detektywi Lupo (Jeremy Sisto) i Bernard (Anthony Anderson) poprowadz\u0105 \u015bledztwo dotycz\u0105ce morderstwa \u017co\u0142nierza, kt&oacute;ry walczy\u0142 w Iraku.&nbsp;<\/p>\n<p>Premierowe odcinki ostatniego, 20. sezonu serialu &#8222;Prawo i porz\u0105dek&#8221; od 3 wrze\u015bnia                        w poniedzia\u0142ki  o godzinie 22:00 na kanale 13th Street Universal.<\/p>\n","protected":false},"excerpt":{"rendered":"Kana\u0142 13th Street Universal wyemituje 20. sezon serialu &#8222;Prawo&nbsp;i porz\u0105dek&#8221;. Decyzj\u0105 producent&oacute;w, po blisko 22 latach produkcja zostaje zako\u0144czona.","protected":false},"author":1,"featured_media":4994,"comment_status":"open","ping_status":"closed","sticky":false,"template":"","format":"standard","meta":{"csco_display_header_overlay":false,"csco_singular_sidebar":"","csco_page_header_type":"","csco_page_load_nextpost":"","csco_post_video_location":[],"csco_post_video_location_hash":"","csco_post_video_url":"","csco_post_video_bg_start_time":0,"csco_post_video_bg_end_time":0,"footnotes":""},"categories":[9670],"tags":[639],"class_list":{"0":"post-4993","1":"post","2":"type-post","3":"status-publish","4":"format-standard","5":"has-post-thumbnail","7":"category-tv","8":"tag-13th-street-universal","9":"cs-entry","10":"cs-video-wrap"},"_links":{"self":[{"href":"https:\/\/mediarun.com\/pl\/wp-json\/wp\/v2\/posts\/4993","targetHints":{"allow":["GET"]}}],"collection":[{"href":"https:\/\/mediarun.com\/pl\/wp-json\/wp\/v2\/posts"}],"about":[{"href":"https:\/\/mediarun.com\/pl\/wp-json\/wp\/v2\/types\/post"}],"author":[{"embeddable":true,"href":"https:\/\/mediarun.com\/pl\/wp-json\/wp\/v2\/users\/1"}],"replies":[{"embeddable":true,"href":"https:\/\/mediarun.com\/pl\/wp-json\/wp\/v2\/comments?post=4993"}],"version-history":[{"count":0,"href":"https:\/\/mediarun.com\/pl\/wp-json\/wp\/v2\/posts\/4993\/revisions"}],"wp:featuredmedia":[{"embeddable":true,"href":"https:\/\/mediarun.com\/pl\/wp-json\/wp\/v2\/media\/4994"}],"wp:attachment":[{"href":"https:\/\/mediarun.com\/pl\/wp-json\/wp\/v2\/media?parent=4993"}],"wp:term":[{"taxonomy":"category","embeddable":true,"href":"https:\/\/mediarun.com\/pl\/wp-json\/wp\/v2\/categories?post=4993"},{"taxonomy":"post_tag","embeddable":true,"href":"https:\/\/mediarun.com\/pl\/wp-json\/wp\/v2\/tags?post=4993"}],"curies":[{"name":"wp","href":"https:\/\/api.w.org\/{rel}","templated":true}]}}