{"id":49849,"date":"2008-06-13T10:01:57","date_gmt":"2008-06-13T08:01:57","guid":{"rendered":"https:\/\/mediarun.com\/index.php\/news-posts\/wyborcza-z-rozkladem-jazdy-pkp\/"},"modified":"2008-06-13T10:01:57","modified_gmt":"2008-06-13T08:01:57","slug":"wyborcza-z-rozkladem-jazdy-pkp","status":"publish","type":"post","link":"https:\/\/mediarun.com\/pl\/media\/prasa\/wyborcza-z-rozkladem-jazdy-pkp.html","title":{"rendered":"Wyborcza z rozk\u0142adem jazdy PKP"},"content":{"rendered":"<p>W wydaniu krajowym znajd\u0105 si\u0119 rozk\u0142ady jazdy dla dworc&oacute;w w Warszawie, natomiast na stronach lokalnych tabele dla stacji w poszczeg&oacute;lnych miastach. Dzi\u015b dodawane s\u0105 przyjazdy, jutro odjazdy.<\/p>\n<p>Akcja zosta\u0142a zorganizowana we wsp&oacute;\u0142pracy z PKP Intercity, PKP Przewozy Regionalne i Kolejami Mazowieckimi. Dodatek wsparty jest akcja reklamow\u0105 w telewizji (TVP, Polsat), radiu ( Eska, Polskie Radio, Radio Zet) i na \u0142amach Wyborczej.<\/p>\n<p>Kampanie przygotowa\u0142 duet Jasie\u0144ski\/Stadnicki, za zakup reklam odpowiada Starlink.<\/p>\n","protected":false},"excerpt":{"rendered":"Dzi\u015b i jutro w Gazecie Wyborczej uka\u017c\u0105 si\u0119 nowe rozk\u0142ady jazdy PKP.","protected":false},"author":1,"featured_media":49850,"comment_status":"open","ping_status":"closed","sticky":false,"template":"","format":"standard","meta":{"csco_display_header_overlay":false,"csco_singular_sidebar":"","csco_page_header_type":"","csco_page_load_nextpost":"","csco_post_video_location":[],"csco_post_video_location_hash":"","csco_post_video_url":"","csco_post_video_bg_start_time":0,"csco_post_video_bg_end_time":0,"footnotes":""},"categories":[9673],"tags":[202],"class_list":{"0":"post-49849","1":"post","2":"type-post","3":"status-publish","4":"format-standard","5":"has-post-thumbnail","7":"category-prasa","8":"tag-gazeta-wyborcza","9":"cs-entry","10":"cs-video-wrap"},"_links":{"self":[{"href":"https:\/\/mediarun.com\/pl\/wp-json\/wp\/v2\/posts\/49849","targetHints":{"allow":["GET"]}}],"collection":[{"href":"https:\/\/mediarun.com\/pl\/wp-json\/wp\/v2\/posts"}],"about":[{"href":"https:\/\/mediarun.com\/pl\/wp-json\/wp\/v2\/types\/post"}],"author":[{"embeddable":true,"href":"https:\/\/mediarun.com\/pl\/wp-json\/wp\/v2\/users\/1"}],"replies":[{"embeddable":true,"href":"https:\/\/mediarun.com\/pl\/wp-json\/wp\/v2\/comments?post=49849"}],"version-history":[{"count":0,"href":"https:\/\/mediarun.com\/pl\/wp-json\/wp\/v2\/posts\/49849\/revisions"}],"wp:featuredmedia":[{"embeddable":true,"href":"https:\/\/mediarun.com\/pl\/wp-json\/wp\/v2\/media\/49850"}],"wp:attachment":[{"href":"https:\/\/mediarun.com\/pl\/wp-json\/wp\/v2\/media?parent=49849"}],"wp:term":[{"taxonomy":"category","embeddable":true,"href":"https:\/\/mediarun.com\/pl\/wp-json\/wp\/v2\/categories?post=49849"},{"taxonomy":"post_tag","embeddable":true,"href":"https:\/\/mediarun.com\/pl\/wp-json\/wp\/v2\/tags?post=49849"}],"curies":[{"name":"wp","href":"https:\/\/api.w.org\/{rel}","templated":true}]}}