{"id":49729,"date":"2008-06-16T16:18:56","date_gmt":"2008-06-16T14:18:56","guid":{"rendered":"https:\/\/mediarun.com\/index.php\/news-posts\/plakat-do-opluwania-webba-usuniety\/"},"modified":"2008-06-16T16:18:56","modified_gmt":"2008-06-16T14:18:56","slug":"plakat-do-opluwania-webba-usuniety","status":"publish","type":"post","link":"https:\/\/mediarun.com\/pl\/marketing\/atl\/plakat-do-opluwania-webba-usuniety.html","title":{"rendered":"Plakat do opluwania Webba usuni\u0119ty"},"content":{"rendered":"<p>Dzi\u015bprzed po\u0142udniem zosta\u0142 zdj\u0119ty. Internauci ostro k\u0142&oacute;c\u0105 si\u0119 czy taki plakat mo\u017cna by\u0142o ustawi\u0107.<\/p>\n<p>Wielki dmuchany baner ze zdj\u0119ciem Webba opatrzony oskar\u017cycielskim napisem: &#8222;To on podyktowa\u0142 rzut karny!&#8221;, dat\u0105 i miejscem urodzin Anglika stan\u0105\u0142 w jednym z najruchliwszych miejsc w stolicy, na placyku przy stacji metra \u015awi\u0119tokrzyska.<\/p>\n<p>Inny napis na banerze g\u0142osi\u0142: &#8222;Tego pana nie obs\u0142ugujemy&#8221;. Pod nim widnia\u0142y loga trzech firm: Althermedia (reklama zewn\u0119trzna), East News (agencja fotograficzna) i Mega Format (druk wielkoformatowy).<\/p>\n<p>O co chodzi? &#8211; zapytali\u015bmy w firmie Althermedia. &#8211; Po feralnym meczu w\u015br&oacute;d naszych pracownik&oacute;w i klient&oacute;w nie milk\u0142y komentarze, a emocje wci\u0105\u017c by\u0142y silne, wi\u0119c postanowili\u015bmy da\u0107 temu wyraz &#8211; m&oacute;wi Ziemowit J\u0119dryczkowski, prezes firmy. &#8211; Kto\u015b wpad\u0142 na pomys\u0142 z banerem, a ja jako prezes entuzjastycznie mu przyklasn\u0105\u0142em. Mamy permanentne pozwolenie na reklamy w tym miejscu, wi\u0119c mogli\u015bmy b\u0142yskawicznie go zrealizowa\u0107. Oczywi\u015bcie has\u0142o mo\u017cna odnie\u015b\u0107 do naszej dzia\u0142alno\u015bci zawodowej. Ale g\u0142&oacute;wnie chodzi\u0142o nam o to, by wyra\u017ca\u0142o dezaprobat\u0119. R&oacute;wnie dobrze mogliby\u015bmy napisa\u0107: &#8222;Temu panu ju\u017c dzi\u0119kujemy&#8221;.<\/p>\n<p>Baner pokry\u0142 si\u0119 inwektywami. &#8222;Pasztet&#8221; czy &#8222;Wieczny impotent&#8221; to jedne z \u0142agodniejszych. Niekt&oacute;rzy w trosce o to, by s\u0119dzia zrozumia\u0142 przekaz, zwyzywali go w jego ojczystym j\u0119zyku albo za pomoc\u0105 obrazk&oacute;w. Niekt&oacute;re napisy znajduj\u0105 si\u0119 bardzo wysoko, np. okre\u015blenie &#8222;Peda\u0142&#8221; na samym szczycie gigantycznej p\u0142achty. Sk\u0105d si\u0119 wzi\u0119\u0142y, skoro nie mo\u017cna tam si\u0119gn\u0105\u0107 z ulicy?<\/p>\n<p>&#8211; Kiedy baner zawis\u0142, nie by\u0142o na nim \u017cadnych napis&oacute;w &#8211; przekonywa\u0142 w niedziel\u0119 wieczorem prezes J\u0119dryczkowski. &#8211; To, \u017ce znalaz\u0142y si\u0119 w niedost\u0119pnych miejscach, \u015bwiadczy wy\u0142\u0105cznie o inwencji warszawiak&oacute;w. Kiedy ca\u0142y baner pokryje si\u0119 napisami, prze\u015blemy go Howardowi Webbowi.<\/p>\n<p>Czy ta akcja to nie jest przekroczenie granic krytyki wobec Webba? &#8211; Czasem warto zrobi\u0107 co\u015b spontanicznego, by da\u0107 wyraz emocjom &#8211; twierdzi\u0142 J\u0119dryczkowski.<\/p>\n<p>W dzisiejszym wydaniu Gazety Sto\u0142ecznej i na stronach internetowych opublikowali\u015bmy komentarz w tej sprawie. &#8222;Nie mo\u017cna wystawia\u0107 na widok publiczny czyjej\u015b fotografii po to, by go opluwa\u0107 i zniewa\u017ca\u0107. Gigantyczny baner z wyzwiskami ustawiony w samym centrum miasta to przyk\u0142ad zdziczenia obyczaj&oacute;w i zach\u0119ta do manifestowania nienawi\u015bci. Jedyne, co mo\u017cna z nim zrobi\u0107, to jak najszybciej go zwin\u0105\u0107&#8221; &#8211; napisa\u0142 Wojciech Tymowski.<\/p>\n<p>Dzi\u015b przed po\u0142udniem baner zosta\u0142 zwini\u0119ty. Ziemowit J\u0119dryczkowski z firmy Althermedia zapewnia jednak, \u017ce to nie protesty by\u0142y powodem usuni\u0119cia plakatu. &#8211; Akcja mia\u0142a charakter weekendowy &#8211; powiedzia\u0142 w rozmowie z portalem Gazeta.pl. J\u0119drzykowski nie wycofuje si\u0119 tak\u017ce z kontrowersyjnego pomys\u0142u przes\u0142ania plakatu z obelgami brytyjskiemu s\u0119dziemu. &#8211; P&oacute;ki co baner zosta\u0142 zdemontowany. Najprawdopodobniej wy\u015blemy go Webbowi.<\/p>\n<p>Tymczasem na naszym forum internauci ostro k\u0142&oacute;c\u0105 si\u0119 o baner. Mmena szydzi z prezesa firmy, kt&oacute;ry &#8222;entuzjastycznie przyklasn\u0105\u0142 pomys\u0142owi&#8221;. Ano pisze: &#8222;Wstyd, \u017cenada, polska tolerancja, mi\u0142osierdzie, zrozumienie i kultura &#8211; ot taka Polska polaczk&oacute;w w pigu\u0142ce&#8221;. Kruder 76 dziwi si\u0119: &#8222;Wygl\u0105da na to, \u017ce ludzie naprawd\u0119 wierz\u0105, \u017ce Polska odpada z Euro przez Webba, a nie przez swoj\u0105 beznadziejn\u0105 gr\u0119 na tym turnieju&#8221;. Ale s\u0105 i zupe\u0142nie inne g\u0142osy. &#8222;Facet wyrzuci\u0142 nas z Euro, drukuj\u0105c mecz, a my, Polaczki, mamy po\u0142o\u017ay\u0107 uszy po sobie i nic nie m&oacute;wi\u0107? Je\u015bli damy si\u0119 dyma\u0107, b\u0119dziemy bardziej europejscy? Taki jest ton komentarzy. Dno.&#8221; &#8211; napisa\u0142 Carlos.<\/p>\n<p>Wi\u0119cej na <a href=\"http:\/\/http:\/\/www.gazeta.pl\/\">http:\/\/www.gazeta.pl\/<\/a><\/p>\n","protected":false},"excerpt":{"rendered":"Przez weekend w samym centrum Warszawy sta\u0142 gigantyczny baner ze\nzdj\u0119ciem Howarda Webba. Ludzie wypisywali na nim wyzwiska i inwektywy\npod adresem angielskiego s\u0119dziego.","protected":false},"author":1,"featured_media":49730,"comment_status":"open","ping_status":"closed","sticky":false,"template":"","format":"standard","meta":{"csco_display_header_overlay":false,"csco_singular_sidebar":"","csco_page_header_type":"","csco_page_load_nextpost":"","csco_post_video_location":[],"csco_post_video_location_hash":"","csco_post_video_url":"","csco_post_video_bg_start_time":0,"csco_post_video_bg_end_time":0,"footnotes":""},"categories":[9642],"tags":[2552,2892],"class_list":{"0":"post-49729","1":"post","2":"type-post","3":"status-publish","4":"format-standard","5":"has-post-thumbnail","7":"category-atl","8":"tag-althermedia","9":"tag-euro-2008","10":"cs-entry","11":"cs-video-wrap"},"_links":{"self":[{"href":"https:\/\/mediarun.com\/pl\/wp-json\/wp\/v2\/posts\/49729","targetHints":{"allow":["GET"]}}],"collection":[{"href":"https:\/\/mediarun.com\/pl\/wp-json\/wp\/v2\/posts"}],"about":[{"href":"https:\/\/mediarun.com\/pl\/wp-json\/wp\/v2\/types\/post"}],"author":[{"embeddable":true,"href":"https:\/\/mediarun.com\/pl\/wp-json\/wp\/v2\/users\/1"}],"replies":[{"embeddable":true,"href":"https:\/\/mediarun.com\/pl\/wp-json\/wp\/v2\/comments?post=49729"}],"version-history":[{"count":0,"href":"https:\/\/mediarun.com\/pl\/wp-json\/wp\/v2\/posts\/49729\/revisions"}],"wp:featuredmedia":[{"embeddable":true,"href":"https:\/\/mediarun.com\/pl\/wp-json\/wp\/v2\/media\/49730"}],"wp:attachment":[{"href":"https:\/\/mediarun.com\/pl\/wp-json\/wp\/v2\/media?parent=49729"}],"wp:term":[{"taxonomy":"category","embeddable":true,"href":"https:\/\/mediarun.com\/pl\/wp-json\/wp\/v2\/categories?post=49729"},{"taxonomy":"post_tag","embeddable":true,"href":"https:\/\/mediarun.com\/pl\/wp-json\/wp\/v2\/tags?post=49729"}],"curies":[{"name":"wp","href":"https:\/\/api.w.org\/{rel}","templated":true}]}}