{"id":49653,"date":"2008-06-18T09:45:50","date_gmt":"2008-06-18T07:45:50","guid":{"rendered":"https:\/\/mediarun.com\/index.php\/news-posts\/maleja-wplywy-z-abonamentu\/"},"modified":"2008-06-18T09:45:50","modified_gmt":"2008-06-18T07:45:50","slug":"maleja-wplywy-z-abonamentu","status":"publish","type":"post","link":"https:\/\/mediarun.com\/pl\/media\/tv\/maleja-wplywy-z-abonamentu.html","title":{"rendered":"Malej\u0105 wp\u0142ywy z abonamentu"},"content":{"rendered":"<p>Do kasy telewizji publicznej wp\u0142ynie w tym roku nawet o 150 mln z\u0142 mniej ni\u017c w 2007 r. W kolejnych latach mo\u017ce by\u0107 jeszcze gorzej. I nie tylko dlatego, \u017ce coraz mniej ch\u0119tnie p\u0142acimy abonament. Zdaniem KRRiT je\u015bli na niech\u0119\u0107 Polak&oacute;w do op\u0142at na\u0142o\u017c\u0105 si\u0119 zmiany w ustawie abonamentowej, kt&oacute;ra zak\u0142ada zwolnienie z op\u0142aty cz\u0119\u015bci emeryt&oacute;w, rencist&oacute;w i najbiedniejszych, ju\u017c przysz\u0142oroczne wp\u0142ywy z publicznej daniny mog\u0105 by\u0107 nawet o po\u0142ow\u0119 ni\u017csze ni\u017c w ubieg\u0142ych latach.<\/p>\n<p>Wcze\u015bniej KRRiT szacowa\u0142a, \u017ce w tym roku na konta publicznych sp&oacute;\u0142ek medialnych pow\u0119druje 882 mln z\u0142, czyli o nieca\u0142y 1 proc. mniej ni\u017c w ubieg\u0142ym roku. Z najnowszych wylicze\u0144 wynika jednak, \u017ce w tym roku KRRiT rozdzieli pomi\u0119dzy TVP i Polskie Radio a\u017c o 17 proc. mniej pieni\u0119dzy ni\u017c w ubieg\u0142ym roku. W efekcie Telewizja Polska dostanie w tym roku o ponad 85 mln z\u0142 mniej, ni\u017c wcze\u015bniej planowano, a Polskie Radio &#8211; o prawie 33 mln z\u0142 mniej.<\/p>\n<p>Najbole\u015bniej odczuje t\u0119 zmian\u0119 radio, kt&oacute;re w ubieg\u0142ym roku w a\u017c 72 proc. utrzymywa\u0142o si\u0119 z abonamentu. W przypadku TVP ten odsetek wynosi\u0142 nieca\u0142e 25 proc., cho\u0107 to publiczna telewizja co roku zabiera z puli abonamentowej najwi\u0119cej, bo a\u017c ok. 0,5 mld z\u0142.<\/p>\n<p>Nie lepiej ma by\u0107 w przysz\u0142ym roku. KRRiT szacuje, \u017ce wtedy wp\u0142ywy abonamentowe wynios\u0105 ju\u017c tylko 651 mln z\u0142, czyli o ok. 250 mln z\u0142 mniej, ni\u017c prognozowano. Czarny scenariusz zak\u0142ada, \u017ce po zwolnieniu z obowi\u0105zku os&oacute;b gorzej uposa\u017conych mog\u0105 wynie\u015b\u0107 zaledwie 400 &#8211; 500 mln z\u0142.<\/p>\n<p>KRRiT opowiada si\u0119 za utrzymaniem abonamentu. Nieefektywnie \u015bci\u0105gany abonament ma jednak coraz wi\u0119cej przeciwnik&oacute;w, kt&oacute;rzy zarzucaj\u0105 publicznym mediom, \u017ce nie wydaj\u0105 go na realizowanie misji publicznej, r&oacute;wnocze\u015bnie coraz bardziej si\u0119 komercjalizuj\u0105c.<\/p>\n<p>Wi\u0119cej na <a href=\"http:\/\/http:\/\/www.rzeczpospolita.pl\/\">http:\/\/www.rzeczpospolita.pl\/<\/a><\/p>\n","protected":false},"excerpt":{"rendered":"Wp\u0142ywy z abonamentu wynios\u0105 w tym roku ju\u017c tylko 734 mln z\u0142 &#8211; twierdzi Krajowa Rada Radiofonii i Telewizji.","protected":false},"author":1,"featured_media":49654,"comment_status":"open","ping_status":"closed","sticky":false,"template":"","format":"standard","meta":{"csco_display_header_overlay":false,"csco_singular_sidebar":"","csco_page_header_type":"","csco_page_load_nextpost":"","csco_post_video_location":[],"csco_post_video_location_hash":"","csco_post_video_url":"","csco_post_video_bg_start_time":0,"csco_post_video_bg_end_time":0,"footnotes":""},"categories":[9670],"tags":[407],"class_list":{"0":"post-49653","1":"post","2":"type-post","3":"status-publish","4":"format-standard","5":"has-post-thumbnail","7":"category-tv","8":"tag-krrit","9":"cs-entry","10":"cs-video-wrap"},"_links":{"self":[{"href":"https:\/\/mediarun.com\/pl\/wp-json\/wp\/v2\/posts\/49653","targetHints":{"allow":["GET"]}}],"collection":[{"href":"https:\/\/mediarun.com\/pl\/wp-json\/wp\/v2\/posts"}],"about":[{"href":"https:\/\/mediarun.com\/pl\/wp-json\/wp\/v2\/types\/post"}],"author":[{"embeddable":true,"href":"https:\/\/mediarun.com\/pl\/wp-json\/wp\/v2\/users\/1"}],"replies":[{"embeddable":true,"href":"https:\/\/mediarun.com\/pl\/wp-json\/wp\/v2\/comments?post=49653"}],"version-history":[{"count":0,"href":"https:\/\/mediarun.com\/pl\/wp-json\/wp\/v2\/posts\/49653\/revisions"}],"wp:featuredmedia":[{"embeddable":true,"href":"https:\/\/mediarun.com\/pl\/wp-json\/wp\/v2\/media\/49654"}],"wp:attachment":[{"href":"https:\/\/mediarun.com\/pl\/wp-json\/wp\/v2\/media?parent=49653"}],"wp:term":[{"taxonomy":"category","embeddable":true,"href":"https:\/\/mediarun.com\/pl\/wp-json\/wp\/v2\/categories?post=49653"},{"taxonomy":"post_tag","embeddable":true,"href":"https:\/\/mediarun.com\/pl\/wp-json\/wp\/v2\/tags?post=49653"}],"curies":[{"name":"wp","href":"https:\/\/api.w.org\/{rel}","templated":true}]}}