{"id":49651,"date":"2008-06-18T10:07:16","date_gmt":"2008-06-18T08:07:16","guid":{"rendered":"https:\/\/mediarun.com\/index.php\/news-posts\/szef-dzialu-krajowego-rzeczpospolitej-rezygnuje\/"},"modified":"2008-06-18T10:07:16","modified_gmt":"2008-06-18T08:07:16","slug":"szef-dzialu-krajowego-rzeczpospolitej-rezygnuje","status":"publish","type":"post","link":"https:\/\/mediarun.com\/pl\/media\/prasa\/szef-dzialu-krajowego-rzeczpospolitej-rezygnuje.html","title":{"rendered":"Szef dzia\u0142u krajowego Rzeczpospolitej rezygnuje"},"content":{"rendered":"<p>&#8211; pisze dzisiejsza Gazeta Wyborcza. &#8222;Rezygnuj\u0119 po dzisiejszym tek\u015bcie Rz o Lechu Wa\u0142\u0119sie&#8221;- napisa\u0142 w sms-ie rozes\u0142anym do znajomych. Nie chcia\u0142 komentowa\u0107 tej decyzji.<\/p>\n<p>Wczorajsze wydania Rzeczypospolitej i Wprost cytowa\u0142y fragmenty maj\u0105cej si\u0119 ukaza\u0107 za kilka dni ksi\u0105\u017cki historyk&oacute;w IPN S\u0142awomira Cenckiewicza i Piotra Gontarczyka. Autorzy ujawniaj\u0105 w niej nowe dowody na agenturaln\u0105 przesz\u0142o\u015b\u0107 Lecha Wa\u0142\u0119sy. Rzeczpospolita, wymieniaj\u0105c dowody na Wa\u0142\u0119s\u0119, pisze m.in. o dw&oacute;ch esbeckich notatkach z 1978 roku, kt&oacute;re pojawi\u0142y si\u0119 w czasie procesu lustracyjnego prezydenta. Media przytaczaj\u0105 zdanie oficera SB, kt&oacute;ry stwierdzi\u0142, \u017ce agent &#8222;Bolek&#8221; (czyli wed\u0142ug historyk&oacute;w IPN Wa\u0142\u0119sa) za przekazane informacje by\u0142 wynagradzany i w sumie otrzyma\u0142 13100 z\u0142otych.<\/p>\n<p>Jaros\u0142aw Gojtowski szefem dzia\u0142u krajowego Rzeczpospolitej by\u0142 od 1 lipca ub.r. Gojtowski z dziennikarstwem prasowym zwi\u0105zany jest od 19 lat. Pracowa\u0142 jako korespondent Rz w Poznaniu, a wcze\u015bniej w dziale krajowym tej gazety w Warszawie. Wcze\u015bniej pe\u0142ni\u0142 funkcje m.in. redaktora naczelnego Gazety Pozna\u0144skiej oraz Wieczoru Wybrze\u017ca, by\u0142 tak\u017ce szefem dzia\u0142u sto\u0142ecznego w Dzienniku.<\/p>\n<p>Wi\u0119cej na <a href=\"http:\/\/http:\/\/www.gazeta.pl\/\">http:\/\/www.gazeta.pl\/<\/a><\/p>\n","protected":false},"excerpt":{"rendered":"Wczoraj szef dzia\u0142u krajowego Rzeczpospolitej Jaros\u0142aw Gojtowski odszed\u0142 z pracy&#8230;","protected":false},"author":1,"featured_media":49652,"comment_status":"open","ping_status":"closed","sticky":false,"template":"","format":"standard","meta":{"csco_display_header_overlay":false,"csco_singular_sidebar":"","csco_page_header_type":"","csco_page_load_nextpost":"","csco_post_video_location":[],"csco_post_video_location_hash":"","csco_post_video_url":"","csco_post_video_bg_start_time":0,"csco_post_video_bg_end_time":0,"footnotes":""},"categories":[9673],"tags":[361],"class_list":{"0":"post-49651","1":"post","2":"type-post","3":"status-publish","4":"format-standard","5":"has-post-thumbnail","7":"category-prasa","8":"tag-rzeczpospolita","9":"cs-entry","10":"cs-video-wrap"},"_links":{"self":[{"href":"https:\/\/mediarun.com\/pl\/wp-json\/wp\/v2\/posts\/49651","targetHints":{"allow":["GET"]}}],"collection":[{"href":"https:\/\/mediarun.com\/pl\/wp-json\/wp\/v2\/posts"}],"about":[{"href":"https:\/\/mediarun.com\/pl\/wp-json\/wp\/v2\/types\/post"}],"author":[{"embeddable":true,"href":"https:\/\/mediarun.com\/pl\/wp-json\/wp\/v2\/users\/1"}],"replies":[{"embeddable":true,"href":"https:\/\/mediarun.com\/pl\/wp-json\/wp\/v2\/comments?post=49651"}],"version-history":[{"count":0,"href":"https:\/\/mediarun.com\/pl\/wp-json\/wp\/v2\/posts\/49651\/revisions"}],"wp:featuredmedia":[{"embeddable":true,"href":"https:\/\/mediarun.com\/pl\/wp-json\/wp\/v2\/media\/49652"}],"wp:attachment":[{"href":"https:\/\/mediarun.com\/pl\/wp-json\/wp\/v2\/media?parent=49651"}],"wp:term":[{"taxonomy":"category","embeddable":true,"href":"https:\/\/mediarun.com\/pl\/wp-json\/wp\/v2\/categories?post=49651"},{"taxonomy":"post_tag","embeddable":true,"href":"https:\/\/mediarun.com\/pl\/wp-json\/wp\/v2\/tags?post=49651"}],"curies":[{"name":"wp","href":"https:\/\/api.w.org\/{rel}","templated":true}]}}