{"id":49525,"date":"2008-06-20T09:53:58","date_gmt":"2008-06-20T07:53:58","guid":{"rendered":"https:\/\/mediarun.com\/index.php\/news-posts\/presspublica-wychodzi-ze-strat\/"},"modified":"2008-06-20T09:53:58","modified_gmt":"2008-06-20T07:53:58","slug":"presspublica-wychodzi-ze-strat","status":"publish","type":"post","link":"https:\/\/mediarun.com\/pl\/media\/prasa\/presspublica-wychodzi-ze-strat.html","title":{"rendered":"Presspublica wychodzi ze strat"},"content":{"rendered":"<p>Na pocz\u0105tku czerwca stanowisko prezesa Presspubliki nieoczekiwanie straci\u0142 Truls Velgaard. Za przed\u0142u\u017ceniem jego kadencji nie g\u0142osowa\u0142a nale\u017c\u0105ca do skarbu pa\u0144stwa PW Rzeczpospolita, kt&oacute;ra ma 49 proc. udzia\u0142&oacute;w firmy wydaj\u0105cej opr&oacute;cz Rzeczpospolitej tak\u017ce Parkiet i \u017bycie Warszawy. Reszt\u0119 kontroluje brytyjski fundusz Mecom Davida Montgomery&#8217;ego. Brytyjczycy stoj\u0105 jednak na stanowisku, \u017ce Velgaard nadal jest prezesem sp&oacute;\u0142ki.<\/p>\n<p>&#8211; Drugi rok z rz\u0119du firma ko\u0144czy strat\u0105. Wyk\u0142ada du\u017ce pieni\u0105dze na marketing, ale nie wiadomo, czy efekty s\u0105 zauwa\u017calne &#8211; t\u0142umaczy\u0142 nam powody takiej decyzji Andrzej Filipowicz, prezes PW Rzeczpospolita i cz\u0142onek rady nadzorczej Presspubliki.<\/p>\n<p>Nie ujawniono jednak, jakie by\u0142y to straty. Postanowili\u015bmy to sprawdzi\u0107. W s\u0105dzie gospodarczym dotarli\u015bmy do gor\u0105cego jeszcze planu zarz\u0105du Presspubliki po\u0142\u0105czenia jej ze sp&oacute;\u0142k\u0105 zale\u017cn\u0105 Warszawa Print. Wydawca przejmie ca\u0142y jej maj\u0105tek wart 22,5 mln z\u0142. Do planu za\u0142\u0105czone zosta\u0142y szczeg&oacute;\u0142owe wyniki finansowe obydwu sp&oacute;\u0142ek do ko\u0144ca kwietnia 2008 r.<\/p>\n<p>Z dokument&oacute;w wynika, \u017ce ubieg\u0142y rok by\u0142 rzeczywi\u015bcie s\u0142aby dla Presspubliki. Przychody wzros\u0142y o 18 proc., ale wydawnictwo straci\u0142o na czysto 8,4 mln z\u0142. By\u0142a to ju\u017c druga strata z rz\u0119du, bo w 2006 r. sp&oacute;\u0142ka by\u0142a na minusie 0,1 mln z\u0142. Dla por&oacute;wnania w t\u0142ustym 2005 r. zysk netto si\u0119gn\u0105\u0142 blisko 34 mln z\u0142. Straty nie przeszkodzi\u0142y jednak w\u0142a\u015bcicielom w wyp\u0142acie wysokiej dywidendy &#8211; na ten cel posz\u0142o w zesz\u0142ym roku 18 mln z\u0142. Sp&oacute;\u0142ka zaci\u0105gn\u0119\u0142a kilkana\u015bcie milion&oacute;w kredytu.<\/p>\n<p>Od stycznia do kwietnia kondycja Presspubliki poprawi\u0142a si\u0119 na tyle, \u017ce wypracowa\u0142a blisko 400 tys. z\u0142 zysku netto. I prawie w ca\u0142o\u015bci sp\u0142aci\u0142a kredyt. W planie po\u0142\u0105czenia sp&oacute;\u0142ek warto\u015b\u0107 maj\u0105tku Presspubliki ustalono na 99,9 mln z\u0142.<\/p>\n<p>Artur Sierant z zarz\u0105du sp&oacute;\u0142ki t\u0142umaczy, \u017ce Presspublica nie stosuje mi\u0119dzynarodowych standard&oacute;w rachunkowo\u015bci, wi\u0119c nie musi pokazywa\u0107 godziwej warto\u015bci maj\u0105tku, a jedynie ksi\u0119gow\u0105, zrobion\u0105 na podstawie bilansu.<\/p>\n<p>Po\u0142\u0105czenie z Warszaw\u0105 Print jest elementem porz\u0105dkowania struktur wydawnictwa. Dawniej drukarnia nale\u017ca\u0142a do wydawcy Rzeczpospolitej jedynie w po\u0142owie, ale dwa lata temu Presspublica odkupi\u0142a udzia\u0142y Orkli i teraz mo\u017ce przy\u0142\u0105czy\u0107 do siebie drukarni\u0119. Jednocze\u015bnie wydawnictwo nie zamierza przy\u0142\u0105cza\u0107 innych sp&oacute;\u0142ek, jak Notoria Serwis, Parkiet Media czy eGazety.<\/p>\n<p>Wed\u0142ug Sieranta poprawa wynik&oacute;w w I kw. tego roku wynika z tego, \u017ce w zesz\u0142ym roku Presspublica mia\u0142a wysokie koszty jednorazowe w wyniku przej\u0119cia \u017bycia Warszawy, przeprowadzki do nowej siedziby oraz kampanii promocyjnej.<\/p>\n<p>&#8211; Jeste\u015bmy po restrukturyzacji \u017bycia Warszawy, kt&oacute;re ju\u017c nie powinno wp\u0142ywa\u0107 na nasz wynik &#8211; m&oacute;wi Sierant.<\/p>\n<p>Nast\u0119pne walne zgromadzenie wsp&oacute;lnik&oacute;w Presspubliki zaplanowano 24 czerwca, wtedy ma zosta\u0107 wybrany nowy prezes.<\/p>\n<p>Wi\u0119cej na <a href=\"http:\/\/http:\/\/www.gazeta.pl\/\">http:\/\/www.gazeta.pl\/<\/a><\/p>\n","protected":false},"excerpt":{"rendered":"Wydawca Rzeczpospolitej pog\u0142\u0119bi\u0142 w zesz\u0142ym roku strat\u0119 netto do 8,4 mln z\u0142. Ale od pocz\u0105tku tego roku jest ju\u017c na plusie.","protected":false},"author":1,"featured_media":49526,"comment_status":"open","ping_status":"closed","sticky":false,"template":"","format":"standard","meta":{"csco_display_header_overlay":false,"csco_singular_sidebar":"","csco_page_header_type":"","csco_page_load_nextpost":"","csco_post_video_location":[],"csco_post_video_location_hash":"","csco_post_video_url":"","csco_post_video_bg_start_time":0,"csco_post_video_bg_end_time":0,"footnotes":""},"categories":[9673],"tags":[361],"class_list":{"0":"post-49525","1":"post","2":"type-post","3":"status-publish","4":"format-standard","5":"has-post-thumbnail","7":"category-prasa","8":"tag-rzeczpospolita","9":"cs-entry","10":"cs-video-wrap"},"_links":{"self":[{"href":"https:\/\/mediarun.com\/pl\/wp-json\/wp\/v2\/posts\/49525","targetHints":{"allow":["GET"]}}],"collection":[{"href":"https:\/\/mediarun.com\/pl\/wp-json\/wp\/v2\/posts"}],"about":[{"href":"https:\/\/mediarun.com\/pl\/wp-json\/wp\/v2\/types\/post"}],"author":[{"embeddable":true,"href":"https:\/\/mediarun.com\/pl\/wp-json\/wp\/v2\/users\/1"}],"replies":[{"embeddable":true,"href":"https:\/\/mediarun.com\/pl\/wp-json\/wp\/v2\/comments?post=49525"}],"version-history":[{"count":0,"href":"https:\/\/mediarun.com\/pl\/wp-json\/wp\/v2\/posts\/49525\/revisions"}],"wp:featuredmedia":[{"embeddable":true,"href":"https:\/\/mediarun.com\/pl\/wp-json\/wp\/v2\/media\/49526"}],"wp:attachment":[{"href":"https:\/\/mediarun.com\/pl\/wp-json\/wp\/v2\/media?parent=49525"}],"wp:term":[{"taxonomy":"category","embeddable":true,"href":"https:\/\/mediarun.com\/pl\/wp-json\/wp\/v2\/categories?post=49525"},{"taxonomy":"post_tag","embeddable":true,"href":"https:\/\/mediarun.com\/pl\/wp-json\/wp\/v2\/tags?post=49525"}],"curies":[{"name":"wp","href":"https:\/\/api.w.org\/{rel}","templated":true}]}}