{"id":49493,"date":"2008-06-20T12:31:36","date_gmt":"2008-06-20T10:31:36","guid":{"rendered":"https:\/\/mediarun.com\/index.php\/news-posts\/co-dalej-z-nadawcami-publicznymi\/"},"modified":"2008-06-20T12:31:36","modified_gmt":"2008-06-20T10:31:36","slug":"co-dalej-z-nadawcami-publicznymi","status":"publish","type":"post","link":"https:\/\/mediarun.com\/pl\/media\/tv\/co-dalej-z-nadawcami-publicznymi.html","title":{"rendered":"Co dalej z nadawcami publicznymi?"},"content":{"rendered":"<p>&#8211; zapowiedzia\u0142 przewodnicz\u0105cy zespo\u0142u pracuj\u0105cego nad tym projektem prof. Tadeusz Kowalski. &#8211; Jak s\u0105dz\u0119, na koniec wrze\u015bnia b\u0119dzie projekt ustawy, ale za\u0142o\u017cenia b\u0119d\u0105 znane wcze\u015bniej, mo\u017ce w lipcu &#8211; powiedzia\u0142 Kowalski w Radiu Tok FM.<\/p>\n<p>W \u015brod\u0119 w resorcie kultury odby\u0142o si\u0119 pierwsze posiedzenie zespo\u0142u pracuj\u0105cego nad projektem nowej ustawy o nadawcach publicznych. W jego sk\u0142ad wchodz\u0105 prof. Tadeusz Kowalski (przewodnicz\u0105cy), prof. Stanis\u0142aw J\u0119drzejewski, Robert Kroplewski, dr Bogus\u0142aw Nierenberg oraz dr J\u0119drzej Skrzypczak. Uczestnicz\u0105cy w tym spotkaniu minister kultury Bogdan Zdrojewski nie chcia\u0142 zdradzi\u0107 szczeg&oacute;\u0142&oacute;w przysz\u0142ej ustawy. Pytany o dotychczasowe spekulacje na ten temat powiedzia\u0142 m.in., \u017ce w za\u0142o\u017ceniach do ustawy nie ma podzia\u0142u TVP na cz\u0119\u015b\u0107 misyjn\u0105 i komercyjn\u0105 oraz, \u017ce &#8222;nikt nigdzie nie powiedzia\u0142, \u017ce telewizje regionalne b\u0119d\u0105 oddane samorz\u0105dom&#8221;.<\/p>\n<p>Kowalski zaznaczy\u0142 w pi\u0105tek, \u017ce propozycje, kt&oacute;re przygotuje zesp&oacute;\u0142 przejd\u0105 &#8222;normaln\u0105 drog\u0119 legislacyjn\u0105&#8221;, b\u0119d\u0105 skierowane do biura legislacyjnego, pod obrady Rady Ministr&oacute;w &#8211; przejd\u0105 &#8222;ca\u0142\u0105 procedur\u0119 przewidzian\u0105 dla prac ustawodawczych&#8221;. Wed\u0142ug niego projekt ustawy na jesieni m&oacute;g\u0142by wej\u015b\u0107 pod obrady Sejmu.<\/p>\n","protected":false},"excerpt":{"rendered":"Pod koniec wrze\u015bnia b\u0119dzie gotowy projekt ustawy o nadawcach publicznych&#8230;","protected":false},"author":1,"featured_media":49494,"comment_status":"open","ping_status":"closed","sticky":false,"template":"","format":"standard","meta":{"csco_display_header_overlay":false,"csco_singular_sidebar":"","csco_page_header_type":"","csco_page_load_nextpost":"","csco_post_video_location":[],"csco_post_video_location_hash":"","csco_post_video_url":"","csco_post_video_bg_start_time":0,"csco_post_video_bg_end_time":0,"footnotes":""},"categories":[9670],"tags":[392],"class_list":{"0":"post-49493","1":"post","2":"type-post","3":"status-publish","4":"format-standard","5":"has-post-thumbnail","7":"category-tv","8":"tag-tvp","9":"cs-entry","10":"cs-video-wrap"},"_links":{"self":[{"href":"https:\/\/mediarun.com\/pl\/wp-json\/wp\/v2\/posts\/49493","targetHints":{"allow":["GET"]}}],"collection":[{"href":"https:\/\/mediarun.com\/pl\/wp-json\/wp\/v2\/posts"}],"about":[{"href":"https:\/\/mediarun.com\/pl\/wp-json\/wp\/v2\/types\/post"}],"author":[{"embeddable":true,"href":"https:\/\/mediarun.com\/pl\/wp-json\/wp\/v2\/users\/1"}],"replies":[{"embeddable":true,"href":"https:\/\/mediarun.com\/pl\/wp-json\/wp\/v2\/comments?post=49493"}],"version-history":[{"count":0,"href":"https:\/\/mediarun.com\/pl\/wp-json\/wp\/v2\/posts\/49493\/revisions"}],"wp:featuredmedia":[{"embeddable":true,"href":"https:\/\/mediarun.com\/pl\/wp-json\/wp\/v2\/media\/49494"}],"wp:attachment":[{"href":"https:\/\/mediarun.com\/pl\/wp-json\/wp\/v2\/media?parent=49493"}],"wp:term":[{"taxonomy":"category","embeddable":true,"href":"https:\/\/mediarun.com\/pl\/wp-json\/wp\/v2\/categories?post=49493"},{"taxonomy":"post_tag","embeddable":true,"href":"https:\/\/mediarun.com\/pl\/wp-json\/wp\/v2\/tags?post=49493"}],"curies":[{"name":"wp","href":"https:\/\/api.w.org\/{rel}","templated":true}]}}