{"id":49491,"date":"2008-06-20T12:34:09","date_gmt":"2008-06-20T10:34:09","guid":{"rendered":"https:\/\/mediarun.com\/index.php\/news-posts\/klepacki-nowym-czlonkiem-zarzadu-bankier-pl\/"},"modified":"2008-06-20T12:34:09","modified_gmt":"2008-06-20T10:34:09","slug":"klepacki-nowym-czlonkiem-zarzadu-bankier-pl","status":"publish","type":"post","link":"https:\/\/mediarun.com\/pl\/ludzie\/awanse\/klepacki-nowym-czlonkiem-zarzadu-bankier-pl.html","title":{"rendered":"Klepacki nowym cz\u0142onkiem zarz\u0105du Bankier.pl"},"content":{"rendered":"<p>Klepacki b\u0119dzie nadzorowa\u0142 komunikacj\u0119 marketingow\u0105 oraz obszar relacji inwestorskich sp&oacute;\u0142ki.<\/p>\n<p>Maciej Klepacki od ponad sze\u015bciu lat obecny jest zawodowo na rynku medi&oacute;w. Od 2006 roku w Bankier.pl S.A. pe\u0142ni\u0142 funkcj\u0119 marketing managera, a nast\u0119pnie dyrektora marketingu i PR. W poprzednich latach odpowiedzialny by\u0142 za planowanie i zakup medi&oacute;w w domu mediowym Starcom MediaVest Group.<\/p>\n","protected":false},"excerpt":{"rendered":"Rada Nadzorcza Bankier.pl powo\u0142a\u0142a 19 czerwca br. Macieja Klepackiego na stanowisko cz\u0142onka zarz\u0105du sp&oacute;\u0142ki.","protected":false},"author":1,"featured_media":49492,"comment_status":"open","ping_status":"closed","sticky":false,"template":"","format":"standard","meta":{"csco_display_header_overlay":false,"csco_singular_sidebar":"","csco_page_header_type":"","csco_page_load_nextpost":"","csco_post_video_location":[],"csco_post_video_location_hash":"","csco_post_video_url":"","csco_post_video_bg_start_time":0,"csco_post_video_bg_end_time":0,"footnotes":""},"categories":[9678],"tags":[1672],"class_list":{"0":"post-49491","1":"post","2":"type-post","3":"status-publish","4":"format-standard","5":"has-post-thumbnail","7":"category-awanse","8":"tag-bankier-pl","9":"cs-entry","10":"cs-video-wrap"},"_links":{"self":[{"href":"https:\/\/mediarun.com\/pl\/wp-json\/wp\/v2\/posts\/49491","targetHints":{"allow":["GET"]}}],"collection":[{"href":"https:\/\/mediarun.com\/pl\/wp-json\/wp\/v2\/posts"}],"about":[{"href":"https:\/\/mediarun.com\/pl\/wp-json\/wp\/v2\/types\/post"}],"author":[{"embeddable":true,"href":"https:\/\/mediarun.com\/pl\/wp-json\/wp\/v2\/users\/1"}],"replies":[{"embeddable":true,"href":"https:\/\/mediarun.com\/pl\/wp-json\/wp\/v2\/comments?post=49491"}],"version-history":[{"count":0,"href":"https:\/\/mediarun.com\/pl\/wp-json\/wp\/v2\/posts\/49491\/revisions"}],"wp:featuredmedia":[{"embeddable":true,"href":"https:\/\/mediarun.com\/pl\/wp-json\/wp\/v2\/media\/49492"}],"wp:attachment":[{"href":"https:\/\/mediarun.com\/pl\/wp-json\/wp\/v2\/media?parent=49491"}],"wp:term":[{"taxonomy":"category","embeddable":true,"href":"https:\/\/mediarun.com\/pl\/wp-json\/wp\/v2\/categories?post=49491"},{"taxonomy":"post_tag","embeddable":true,"href":"https:\/\/mediarun.com\/pl\/wp-json\/wp\/v2\/tags?post=49491"}],"curies":[{"name":"wp","href":"https:\/\/api.w.org\/{rel}","templated":true}]}}