{"id":49483,"date":"2008-06-20T13:31:52","date_gmt":"2008-06-20T11:31:52","guid":{"rendered":"https:\/\/mediarun.com\/index.php\/news-posts\/kolejne-24-godziny-w-czworce\/"},"modified":"2008-06-20T13:31:52","modified_gmt":"2008-06-20T11:31:52","slug":"kolejne-24-godziny-w-czworce","status":"publish","type":"post","link":"https:\/\/mediarun.com\/pl\/media\/tv\/kolejne-24-godziny-w-czworce.html","title":{"rendered":"Kolejne &#8222;24 godziny&#8221; w Czw\u00f3rce"},"content":{"rendered":"<p>Pomys\u0142 na serial pozostaje niezmienny od pierwszej serii: ka\u017cdy sezon sk\u0142ada si\u0119 z dwudziestu czterech godzinnych odcink&oacute;w, kt&oacute;re opowiadaj\u0105 o jednym, pe\u0142nym wydarze\u0144 dniu z \u017cycia agencji do zwalczania terroryzmu.<\/p>\n<p>W rolach g\u0142&oacute;wnych wyst\u0119puj\u0105: Kieler Sutherland, Alberta Watson, Wiliam Devane oraz Kim Raver.<\/p>\n<p>Serial b\u0119dzie emitowany w Czw&oacute;rce trzy razy w tygodniu: w poniedzia\u0142ki o 22.15, wtorki o godz. 22 i \u015brody o 21.55.<\/p>\n<p>Pierwsze odcinki czwartej serii b\u0119dzie mo\u017cna obejrze\u0107 7, 8 i 9 lipca.<\/p>\n","protected":false},"excerpt":{"rendered":"Od 7 lipca na antenie Czw&oacute;rki b\u0119dzie mo\u017cna zobaczy\u0107 czwarty sezon serialu sensacyjnego &#8222;24 godziny&#8221;.","protected":false},"author":1,"featured_media":49484,"comment_status":"open","ping_status":"closed","sticky":false,"template":"","format":"standard","meta":{"csco_display_header_overlay":false,"csco_singular_sidebar":"","csco_page_header_type":"","csco_page_load_nextpost":"","csco_post_video_location":[],"csco_post_video_location_hash":"","csco_post_video_url":"","csco_post_video_bg_start_time":0,"csco_post_video_bg_end_time":0,"footnotes":""},"categories":[9670],"tags":[1162],"class_list":{"0":"post-49483","1":"post","2":"type-post","3":"status-publish","4":"format-standard","5":"has-post-thumbnail","7":"category-tv","8":"tag-czworka","9":"cs-entry","10":"cs-video-wrap"},"_links":{"self":[{"href":"https:\/\/mediarun.com\/pl\/wp-json\/wp\/v2\/posts\/49483","targetHints":{"allow":["GET"]}}],"collection":[{"href":"https:\/\/mediarun.com\/pl\/wp-json\/wp\/v2\/posts"}],"about":[{"href":"https:\/\/mediarun.com\/pl\/wp-json\/wp\/v2\/types\/post"}],"author":[{"embeddable":true,"href":"https:\/\/mediarun.com\/pl\/wp-json\/wp\/v2\/users\/1"}],"replies":[{"embeddable":true,"href":"https:\/\/mediarun.com\/pl\/wp-json\/wp\/v2\/comments?post=49483"}],"version-history":[{"count":0,"href":"https:\/\/mediarun.com\/pl\/wp-json\/wp\/v2\/posts\/49483\/revisions"}],"wp:featuredmedia":[{"embeddable":true,"href":"https:\/\/mediarun.com\/pl\/wp-json\/wp\/v2\/media\/49484"}],"wp:attachment":[{"href":"https:\/\/mediarun.com\/pl\/wp-json\/wp\/v2\/media?parent=49483"}],"wp:term":[{"taxonomy":"category","embeddable":true,"href":"https:\/\/mediarun.com\/pl\/wp-json\/wp\/v2\/categories?post=49483"},{"taxonomy":"post_tag","embeddable":true,"href":"https:\/\/mediarun.com\/pl\/wp-json\/wp\/v2\/tags?post=49483"}],"curies":[{"name":"wp","href":"https:\/\/api.w.org\/{rel}","templated":true}]}}