{"id":49481,"date":"2008-06-20T15:01:02","date_gmt":"2008-06-20T13:01:02","guid":{"rendered":"https:\/\/mediarun.com\/index.php\/news-posts\/kto-wybierze-piosenki-na-festiwal-tvp-w-sopocie\/"},"modified":"2008-06-20T15:01:02","modified_gmt":"2008-06-20T13:01:02","slug":"kto-wybierze-piosenki-na-festiwal-tvp-w-sopocie","status":"publish","type":"post","link":"https:\/\/mediarun.com\/pl\/media\/tv\/kto-wybierze-piosenki-na-festiwal-tvp-w-sopocie.html","title":{"rendered":"Kto wybierze piosenki na festiwal TVP w Sopocie?"},"content":{"rendered":"<p>W sk\u0142ad rady wchodz\u0105: Jaros\u0142aw Burdek &#8211; przewodnicz\u0105cy Rady Programowej oraz Bogus\u0142aw Potoniec (dyrektor programowy Grupy Radiowej TIME), Karolina Przygoda (redaktor Agencji Produkcji Telewizyjnej), Olgierd Wojtkowiak (wicedyrektor muzyczny Sieci Radiowej Eska&rdquo;), Mariusz Wo\u017aniczka oraz Edyta Zakrzewska (Redaktor Prowadz\u0105cy z Redakcji Audycji Rozrywkowych TVP2). <\/p>\n<p>Rada wybierze po 14-16 piosenek, kt&oacute;re wezm\u0105 udzia\u0142 w konkursie na &#8222;Polski hit lata 2008&#8221; oraz &#8222;Zagraniczny hit lata 2008&#8221;. Sk\u0142ad wykonawc&oacute;w zostanie og\u0142oszony 9 lipca.<\/p>\n<p>&#8222;2008 Sopot Hit Festiwal&#8221; odb\u0119dzie si\u0119 w 8 i 9 sierpnia w Operze Le\u015bnej w Sopocie.<\/p>\n","protected":false},"excerpt":{"rendered":"Og\u0142oszono sk\u0142ad rady programowej 2008 Sopot Hit Festiwal, kt&oacute;ra wybierze wykonawc&oacute;w piosenek na festiwalu.","protected":false},"author":1,"featured_media":49482,"comment_status":"open","ping_status":"closed","sticky":false,"template":"","format":"standard","meta":{"csco_display_header_overlay":false,"csco_singular_sidebar":"","csco_page_header_type":"","csco_page_load_nextpost":"","csco_post_video_location":[],"csco_post_video_location_hash":"","csco_post_video_url":"","csco_post_video_bg_start_time":0,"csco_post_video_bg_end_time":0,"footnotes":""},"categories":[9670],"tags":[392],"class_list":{"0":"post-49481","1":"post","2":"type-post","3":"status-publish","4":"format-standard","5":"has-post-thumbnail","7":"category-tv","8":"tag-tvp","9":"cs-entry","10":"cs-video-wrap"},"_links":{"self":[{"href":"https:\/\/mediarun.com\/pl\/wp-json\/wp\/v2\/posts\/49481","targetHints":{"allow":["GET"]}}],"collection":[{"href":"https:\/\/mediarun.com\/pl\/wp-json\/wp\/v2\/posts"}],"about":[{"href":"https:\/\/mediarun.com\/pl\/wp-json\/wp\/v2\/types\/post"}],"author":[{"embeddable":true,"href":"https:\/\/mediarun.com\/pl\/wp-json\/wp\/v2\/users\/1"}],"replies":[{"embeddable":true,"href":"https:\/\/mediarun.com\/pl\/wp-json\/wp\/v2\/comments?post=49481"}],"version-history":[{"count":0,"href":"https:\/\/mediarun.com\/pl\/wp-json\/wp\/v2\/posts\/49481\/revisions"}],"wp:featuredmedia":[{"embeddable":true,"href":"https:\/\/mediarun.com\/pl\/wp-json\/wp\/v2\/media\/49482"}],"wp:attachment":[{"href":"https:\/\/mediarun.com\/pl\/wp-json\/wp\/v2\/media?parent=49481"}],"wp:term":[{"taxonomy":"category","embeddable":true,"href":"https:\/\/mediarun.com\/pl\/wp-json\/wp\/v2\/categories?post=49481"},{"taxonomy":"post_tag","embeddable":true,"href":"https:\/\/mediarun.com\/pl\/wp-json\/wp\/v2\/tags?post=49481"}],"curies":[{"name":"wp","href":"https:\/\/api.w.org\/{rel}","templated":true}]}}