{"id":49457,"date":"2008-06-23T10:56:15","date_gmt":"2008-06-23T08:56:15","guid":{"rendered":"https:\/\/mediarun.com\/index.php\/news-posts\/gadu-gadu-w-kosmosie\/"},"modified":"2008-06-23T10:56:15","modified_gmt":"2008-06-23T08:56:15","slug":"gadu-gadu-w-kosmosie","status":"publish","type":"post","link":"https:\/\/mediarun.com\/pl\/digital\/internet\/gadu-gadu-w-kosmosie.html","title":{"rendered":"Gadu-Gadu w kosmosie"},"content":{"rendered":"<p>Dotychczas zadano ju\u017c kilkana\u015bcie tysi\u0119cy r&oacute;\u017cnych pyta\u0144<\/p>\n<p>27 czerwca 2008 roku urzeczywistni si\u0119 pierwszy tego typu projekt w historii internetu i stacji kosmicznej &#8211; astronauci odpowiedz\u0105 na kilkana\u015bcie wybranych pyta\u0144 zadanych przez internaut&oacute;w.<\/p>\n<p>&#8211; Jak du\u017ca si\u0142a dzia\u0142a na astronaut\u0119 w czasie startu? Jak to jest z teori\u0105 czasu, bardzo mnie to ciekawi, czy tam w kosmosie czas p\u0142ynie wolniej? Czy nie boicie si\u0119 czarnej dziury? Czy obawiacie si\u0119 dekompresji kabiny albo skafandra podczas wyj\u015bcia na zewn\u0105trz? &#8211; takie i kilkana\u015bcie tysi\u0119cy innych pyta\u0144 zadali polscy i zagraniczni internauci astronautom z Mi\u0119dzynarodowej Stacji Kosmicznej. Na najciekawsze z nich za\u0142oga stacji odpowie ju\u017c pod koniec czerwca.<\/p>\n<p>&#8211; Wiadomo ju\u017c, \u017ce b\u0119dziemy rozmawiali mi\u0119dzy innymi z dow&oacute;dc\u0105 Mi\u0119dzynarodowej Stacji Kosmicznej. Zadamy mu kilkana\u015bcie najciekawszych i najbardziej oryginalnych pyta\u0144 od u\u017cytkownik&oacute;w Gadu-Gadu. B\u0119dziemy pierwsi i podbijemy kosmos w nowy spos&oacute;b &#8211; za pomoc\u0105 Internetu &#8211; m&oacute;wi Jaros\u0142aw Rybus z Gadu-Gadu &#8211; pomys\u0142odawca wykorzystania komunikatora do po\u0142\u0105czenia ze stacj\u0105 kosmiczn\u0105.<\/p>\n<p>Internauci pytaj\u0105 astronaut&oacute;w o szczeg&oacute;\u0142y techniczne, budow\u0119 stacji, si\u0142y dzia\u0142aj\u0105ce we Wszech\u015bwiecie, \u017cycie na orbicie, samopoczucie oraz o niewyja\u015bnione zjawiska i obce cywilizacje. Kosmos ca\u0142y czas pozostaje dla nas zagadk\u0105, a kosmonauci s\u0105 naszymi \u0142\u0105cznikami ze Wszech\u015bwiatem. \u0141\u0105czno\u015b\u0107 ze stacj\u0105 zostanie nawi\u0105zania prawdopodobnie 26 lub 27 czerwca 2008 roku, w 30-t\u0105 rocznic\u0119 lotu Miros\u0142awa Hermaszewskiego na orbit\u0119 oko\u0142oziemsk\u0105. Z tej okazji Gadu-Gadu przyzna\u0142o pierwszemu Polakowi na orbicie specjalny numer GG:2706, upami\u0119tniaj\u0105cy dat\u0119 tego historycznego startu.<\/p>\n<p>Na kt&oacute;re pytania odpowiedz\u0105 astronauci? &#8211; oka\u017ce si\u0119 ju\u017c pod koniec przysz\u0142ego tygodnia!<\/p>\n<p>Wi\u0119cej na <a href=\"http:\/\/http:\/\/www.metro.gazeta.pl\">http:\/\/www.metro.gazeta.pl<\/a><\/p>\n","protected":false},"excerpt":{"rendered":"Internauci z Polski, Niemiec, Kanady i Austrii przesy\u0142aj\u0105 pytania\nastronautom z Mi\u0119dzynarodowej Stacji Kosmicznej ISS za pomoc\u0105\nkomunikatora Gadu-Gadu.","protected":false},"author":1,"featured_media":49458,"comment_status":"open","ping_status":"closed","sticky":false,"template":"","format":"standard","meta":{"csco_display_header_overlay":false,"csco_singular_sidebar":"","csco_page_header_type":"","csco_page_load_nextpost":"","csco_post_video_location":[],"csco_post_video_location_hash":"","csco_post_video_url":"","csco_post_video_bg_start_time":0,"csco_post_video_bg_end_time":0,"footnotes":""},"categories":[9676],"tags":[834],"class_list":{"0":"post-49457","1":"post","2":"type-post","3":"status-publish","4":"format-standard","5":"has-post-thumbnail","7":"category-internet","8":"tag-gadu-gadu","9":"cs-entry","10":"cs-video-wrap"},"_links":{"self":[{"href":"https:\/\/mediarun.com\/pl\/wp-json\/wp\/v2\/posts\/49457","targetHints":{"allow":["GET"]}}],"collection":[{"href":"https:\/\/mediarun.com\/pl\/wp-json\/wp\/v2\/posts"}],"about":[{"href":"https:\/\/mediarun.com\/pl\/wp-json\/wp\/v2\/types\/post"}],"author":[{"embeddable":true,"href":"https:\/\/mediarun.com\/pl\/wp-json\/wp\/v2\/users\/1"}],"replies":[{"embeddable":true,"href":"https:\/\/mediarun.com\/pl\/wp-json\/wp\/v2\/comments?post=49457"}],"version-history":[{"count":0,"href":"https:\/\/mediarun.com\/pl\/wp-json\/wp\/v2\/posts\/49457\/revisions"}],"wp:featuredmedia":[{"embeddable":true,"href":"https:\/\/mediarun.com\/pl\/wp-json\/wp\/v2\/media\/49458"}],"wp:attachment":[{"href":"https:\/\/mediarun.com\/pl\/wp-json\/wp\/v2\/media?parent=49457"}],"wp:term":[{"taxonomy":"category","embeddable":true,"href":"https:\/\/mediarun.com\/pl\/wp-json\/wp\/v2\/categories?post=49457"},{"taxonomy":"post_tag","embeddable":true,"href":"https:\/\/mediarun.com\/pl\/wp-json\/wp\/v2\/tags?post=49457"}],"curies":[{"name":"wp","href":"https:\/\/api.w.org\/{rel}","templated":true}]}}