{"id":4945,"date":"2012-09-05T12:16:02","date_gmt":"2012-09-05T10:16:02","guid":{"rendered":"https:\/\/mediarun.com\/index.php\/news-posts\/kilerskie-karaoke-jesienia-na-antenie-eska-tv\/"},"modified":"2012-09-05T12:16:02","modified_gmt":"2012-09-05T10:16:02","slug":"kilerskie-karaoke-jesienia-na-antenie-eska-tv","status":"publish","type":"post","link":"https:\/\/mediarun.com\/pl\/media\/tv\/kilerskie-karaoke-jesienia-na-antenie-eska-tv.html","title":{"rendered":"&#8222;Kilerskie Karaoke&#8221; jesieni\u0105 na antenie Eska TV"},"content":{"rendered":"<p>&#8211; Jesieni\u0105 stawiamy na sprawdzone ju\u017c programy, kt&oacute;re jednak zaproponujemy w nowej, atrakcyjnej formie &#8211; m&oacute;wi Igor Nurczynski, Dyrektor Programowy Eska TV.<\/p>\n<p>Od poniedzia\u0142ku do pi\u0105tku o 16:30 mo\u017cna zobaczy\u0107 najlepsze fragmenty &#8222;Szymorningu&#8221; z Radia Eska, tym razem w wersji telewizyjnej.<\/p>\n<p>Dla tych kt&oacute;rzy lubi\u0105 czasem b\u0142ysn\u0105\u0107 wiedz\u0105 w towarzystwie, warte uwagi s\u0105 programy &#8222;Hot Plota&#8221;, &#8222;Hot Plota Tygodnia&#8221; oraz &#8222;EskaTV News&#8221;.<\/p>\n<p>Eska TV oferuje widzom tak\u017ce programy takie jak  &#8222;Weekend z Jankesem&#8221; i  &#8222;ImprESKA&#8221;. We wrze\u015bniu b\u0119dzie mo\u017cna r&oacute;wnie\u017c obejrze\u0107 najlepsze fragmenty program&oacute;w 'Summer City&#8221;.<\/p>\n<p>Hitem jesiennej ram&oacute;wki ma by\u0107 nowy show muzyczny, do kt&oacute;rego mo\u017cna si\u0119 zg\u0142asza\u0107 poprzez formularz na stronie Eska TV. &#8222;Kilerskie Karaoke&#8221;, b\u0119d\u0105ce polsk\u0105 adaptacj\u0105 formatu &#8222;Sing If You Can&#8221;, \u0142\u0105czy w sobie elementy muzycznego show &#8211; przeboje muzyczne, gwiazdy, emocje, zaskakuj\u0105ce pomys\u0142y na konkurencje dla uczestnik&oacute;w oraz \u017cywio\u0142ow\u0105 publiczno\u015b\u0107 w studiu. Program poprowadzi dj Radia Eska &#8211; Jankes, czyli Krzysztof Jankowski.<\/p>\n<p>Producentem show jest firma Mastiff Media Polska, realizuj\u0105ca m.in.: &#8222;You can dance &#8211; po prostu ta\u0144cz!&#8221;.<\/p>\n<p>&#8211; Si\u0142a programu polega na tym, \u017ce jest nieprzewidywalny i zwariowany. Dlatego trzeba traktowa\u0107 go z du\u017cym przymru\u017ceniem oka &#8211; m&oacute;wi Grzegorz Piekarski, dyrektor zarz\u0105dzaj\u0105cy Mastiff Media Polska.<\/p>\n","protected":false},"excerpt":{"rendered":"Eska TV to g\u0142&oacute;wnie stacja muzyczna, ale w jesiennej ram&oacute;wce pojawi si\u0119 wiele premier programowych oraz znane ju\u017c formaty w nowej ods\u0142onie.","protected":false},"author":1,"featured_media":4946,"comment_status":"open","ping_status":"closed","sticky":false,"template":"","format":"standard","meta":{"csco_display_header_overlay":false,"csco_singular_sidebar":"","csco_page_header_type":"","csco_page_load_nextpost":"","csco_post_video_location":[],"csco_post_video_location_hash":"","csco_post_video_url":"","csco_post_video_bg_start_time":0,"csco_post_video_bg_end_time":0,"footnotes":""},"categories":[9670],"tags":[622],"class_list":{"0":"post-4945","1":"post","2":"type-post","3":"status-publish","4":"format-standard","5":"has-post-thumbnail","7":"category-tv","8":"tag-eska","9":"cs-entry","10":"cs-video-wrap"},"_links":{"self":[{"href":"https:\/\/mediarun.com\/pl\/wp-json\/wp\/v2\/posts\/4945","targetHints":{"allow":["GET"]}}],"collection":[{"href":"https:\/\/mediarun.com\/pl\/wp-json\/wp\/v2\/posts"}],"about":[{"href":"https:\/\/mediarun.com\/pl\/wp-json\/wp\/v2\/types\/post"}],"author":[{"embeddable":true,"href":"https:\/\/mediarun.com\/pl\/wp-json\/wp\/v2\/users\/1"}],"replies":[{"embeddable":true,"href":"https:\/\/mediarun.com\/pl\/wp-json\/wp\/v2\/comments?post=4945"}],"version-history":[{"count":0,"href":"https:\/\/mediarun.com\/pl\/wp-json\/wp\/v2\/posts\/4945\/revisions"}],"wp:featuredmedia":[{"embeddable":true,"href":"https:\/\/mediarun.com\/pl\/wp-json\/wp\/v2\/media\/4946"}],"wp:attachment":[{"href":"https:\/\/mediarun.com\/pl\/wp-json\/wp\/v2\/media?parent=4945"}],"wp:term":[{"taxonomy":"category","embeddable":true,"href":"https:\/\/mediarun.com\/pl\/wp-json\/wp\/v2\/categories?post=4945"},{"taxonomy":"post_tag","embeddable":true,"href":"https:\/\/mediarun.com\/pl\/wp-json\/wp\/v2\/tags?post=4945"}],"curies":[{"name":"wp","href":"https:\/\/api.w.org\/{rel}","templated":true}]}}