{"id":49419,"date":"2008-06-23T15:56:28","date_gmt":"2008-06-23T13:56:28","guid":{"rendered":"https:\/\/mediarun.com\/index.php\/news-posts\/polska-z-gwiazdami-polskiej-piosenki\/"},"modified":"2008-06-23T15:56:28","modified_gmt":"2008-06-23T13:56:28","slug":"polska-z-gwiazdami-polskiej-piosenki","status":"publish","type":"post","link":"https:\/\/mediarun.com\/pl\/media\/prasa\/polska-z-gwiazdami-polskiej-piosenki.html","title":{"rendered":"Polska z gwiazdami polskiej piosenki"},"content":{"rendered":"<p>Na kolekcj\u0119 &#8222;Gwiazdy polskiej piosenki&#8221; b\u0119dzie sk\u0142ada\u0107 si\u0119 dziesi\u0119\u0107 p\u0142yt z utworami Anny Jantar, Czerwonych Gitar, Krzysztofa Krawczyka, Trubadur&oacute;w, Piotra Szczepanika, Andrzeja Rosiewicza, Zbigniewa Wodeckiego, grupy VOX, Stana Borysa oraz Hanki Ordon&oacute;wny. Ka\u017cda p\u0142yta b\u0119dzie po\u015bwi\u0119cona jednemu wykonawcy\/zespo\u0142owi.<\/p>\n<p>Kolekcja b\u0119dzie ukazywa\u0107 si\u0119 w poniedzia\u0142ki ze wszystkimi tytu\u0142ami Polski. Cena gazety z p\u0142yt\u0105 wynosi 8,99 z\u0142.<\/p>\n<p>Akcji towarzyszy kampania reklamowa w lokalnych rozg\u0142o\u015bniach radiowych, og&oacute;lnopolskich stacjach telewizyjnych oraz na \u0142amach Polski. Kampani\u0119 przygotowa\u0142a agencja Young&amp;Rubicam, zakupem medi&oacute;w zaj\u0105\u0142 si\u0119 dom mediowy MediaEdge:cia.<\/p>\n","protected":false},"excerpt":{"rendered":"23 czerwca ruszy\u0142a nowa seria kolekcjonerska z Polsk\u0105. Tym razem s\u0105 to p\u0142yty z piosenkami polskich artyst&oacute;w estradowych.","protected":false},"author":1,"featured_media":49420,"comment_status":"open","ping_status":"closed","sticky":false,"template":"","format":"standard","meta":{"csco_display_header_overlay":false,"csco_singular_sidebar":"","csco_page_header_type":"","csco_page_load_nextpost":"","csco_post_video_location":[],"csco_post_video_location_hash":"","csco_post_video_url":"","csco_post_video_bg_start_time":0,"csco_post_video_bg_end_time":0,"footnotes":""},"categories":[9673],"tags":[1424,556,334],"class_list":{"0":"post-49419","1":"post","2":"type-post","3":"status-publish","4":"format-standard","5":"has-post-thumbnail","7":"category-prasa","8":"tag-mediaedgecia","9":"tag-polska","10":"tag-young-rubicam","11":"cs-entry","12":"cs-video-wrap"},"_links":{"self":[{"href":"https:\/\/mediarun.com\/pl\/wp-json\/wp\/v2\/posts\/49419","targetHints":{"allow":["GET"]}}],"collection":[{"href":"https:\/\/mediarun.com\/pl\/wp-json\/wp\/v2\/posts"}],"about":[{"href":"https:\/\/mediarun.com\/pl\/wp-json\/wp\/v2\/types\/post"}],"author":[{"embeddable":true,"href":"https:\/\/mediarun.com\/pl\/wp-json\/wp\/v2\/users\/1"}],"replies":[{"embeddable":true,"href":"https:\/\/mediarun.com\/pl\/wp-json\/wp\/v2\/comments?post=49419"}],"version-history":[{"count":0,"href":"https:\/\/mediarun.com\/pl\/wp-json\/wp\/v2\/posts\/49419\/revisions"}],"wp:featuredmedia":[{"embeddable":true,"href":"https:\/\/mediarun.com\/pl\/wp-json\/wp\/v2\/media\/49420"}],"wp:attachment":[{"href":"https:\/\/mediarun.com\/pl\/wp-json\/wp\/v2\/media?parent=49419"}],"wp:term":[{"taxonomy":"category","embeddable":true,"href":"https:\/\/mediarun.com\/pl\/wp-json\/wp\/v2\/categories?post=49419"},{"taxonomy":"post_tag","embeddable":true,"href":"https:\/\/mediarun.com\/pl\/wp-json\/wp\/v2\/tags?post=49419"}],"curies":[{"name":"wp","href":"https:\/\/api.w.org\/{rel}","templated":true}]}}