{"id":49149,"date":"2008-06-30T15:45:25","date_gmt":"2008-06-30T13:45:25","guid":{"rendered":"https:\/\/mediarun.com\/index.php\/news-posts\/zmiany-u-wydawcy-gazety-prawnej\/"},"modified":"2008-06-30T15:45:25","modified_gmt":"2008-06-30T13:45:25","slug":"zmiany-u-wydawcy-gazety-prawnej","status":"publish","type":"post","link":"https:\/\/mediarun.com\/pl\/media\/prasa\/zmiany-u-wydawcy-gazety-prawnej.html","title":{"rendered":"Zmiany u wydawcy Gazety Prawnej"},"content":{"rendered":"<p>Od 1 lipca gazet\u0119 wydawa\u0107 b\u0119dzie Infor Biznes. Sp&oacute;\u0142k\u0105 kierowa\u0107 b\u0119dzie Ewa \u015awistuniuk, kt&oacute;ra zostanie prezesem zarz\u0105du, oraz Dariusz Piekarski, kt&oacute;ry obejmie funkcje wiceprezesa. Obydwoje zwi\u0105zani byli wcze\u015bniej z Inforem.<\/p>\n<p>Druga sp&oacute;\u0142ka, Infor Ekspert, zajmowa\u0107 si\u0119 b\u0119dzie produkcj\u0105 oprogramowania dla przedsi\u0119biorc&oacute;w, ksi\u0119gowych, kadrowych itd.<\/p>\n<p>Obecnie w sk\u0142ad grupy kapita\u0142owej Infor wchodzi siedem sp&oacute;\u0142ek: Infor Biznes, Infor Ekspert, Infor Next (internet), Infor Training (szkolenia), ABR Opinia (badania rynku), Lucrum (wydawanie kalendarzy) oraz Mobilium (mobilne kampanie reklamowe).<\/p>\n","protected":false},"excerpt":{"rendered":"Ze sp&oacute;\u0142ki Infor, wydawcy Gazety Prawnej, wydzielono dwie mniejsze: Infor Biznes oraz Infor Ekspert.","protected":false},"author":1,"featured_media":49150,"comment_status":"open","ping_status":"closed","sticky":false,"template":"","format":"standard","meta":{"csco_display_header_overlay":false,"csco_singular_sidebar":"","csco_page_header_type":"","csco_page_load_nextpost":"","csco_post_video_location":[],"csco_post_video_location_hash":"","csco_post_video_url":"","csco_post_video_bg_start_time":0,"csco_post_video_bg_end_time":0,"footnotes":""},"categories":[9673],"tags":[1666,1235],"class_list":{"0":"post-49149","1":"post","2":"type-post","3":"status-publish","4":"format-standard","5":"has-post-thumbnail","7":"category-prasa","8":"tag-gazeta-prawna","9":"tag-infor","10":"cs-entry","11":"cs-video-wrap"},"_links":{"self":[{"href":"https:\/\/mediarun.com\/pl\/wp-json\/wp\/v2\/posts\/49149","targetHints":{"allow":["GET"]}}],"collection":[{"href":"https:\/\/mediarun.com\/pl\/wp-json\/wp\/v2\/posts"}],"about":[{"href":"https:\/\/mediarun.com\/pl\/wp-json\/wp\/v2\/types\/post"}],"author":[{"embeddable":true,"href":"https:\/\/mediarun.com\/pl\/wp-json\/wp\/v2\/users\/1"}],"replies":[{"embeddable":true,"href":"https:\/\/mediarun.com\/pl\/wp-json\/wp\/v2\/comments?post=49149"}],"version-history":[{"count":0,"href":"https:\/\/mediarun.com\/pl\/wp-json\/wp\/v2\/posts\/49149\/revisions"}],"wp:featuredmedia":[{"embeddable":true,"href":"https:\/\/mediarun.com\/pl\/wp-json\/wp\/v2\/media\/49150"}],"wp:attachment":[{"href":"https:\/\/mediarun.com\/pl\/wp-json\/wp\/v2\/media?parent=49149"}],"wp:term":[{"taxonomy":"category","embeddable":true,"href":"https:\/\/mediarun.com\/pl\/wp-json\/wp\/v2\/categories?post=49149"},{"taxonomy":"post_tag","embeddable":true,"href":"https:\/\/mediarun.com\/pl\/wp-json\/wp\/v2\/tags?post=49149"}],"curies":[{"name":"wp","href":"https:\/\/api.w.org\/{rel}","templated":true}]}}