{"id":49116,"date":"2008-07-01T14:02:41","date_gmt":"2008-07-01T12:02:41","guid":{"rendered":"https:\/\/mediarun.com\/index.php\/news-posts\/nina-terentiew-czlonkiem-zarzadu-polsatu\/"},"modified":"2008-07-01T14:02:41","modified_gmt":"2008-07-01T12:02:41","slug":"nina-terentiew-czlonkiem-zarzadu-polsatu","status":"publish","type":"post","link":"https:\/\/mediarun.com\/pl\/media\/tv\/nina-terentiew-czlonkiem-zarzadu-polsatu.html","title":{"rendered":"Nina Terentiew cz\u0142onkiem zarz\u0105du Polsatu"},"content":{"rendered":"<p>Terentiew z Polsatem jest zwi\u0105zana od 2006 r., kiedy to zako\u0144czy\u0142a przesz\u0142o 35-letni\u0105 wsp&oacute;\u0142prac\u0119 z TVP.<\/p>\n<p>Od kwietnia 2007 r. zajmuje w Polsacie stanowisko dyrektora ds. programowych.<\/p>\n","protected":false},"excerpt":{"rendered":"1 lipca Nina Terentiew wesz\u0142a w sk\u0142adu zarz\u0105du telewizji Polsat.","protected":false},"author":1,"featured_media":49117,"comment_status":"open","ping_status":"closed","sticky":false,"template":"","format":"standard","meta":{"csco_display_header_overlay":false,"csco_singular_sidebar":"","csco_page_header_type":"","csco_page_load_nextpost":"","csco_post_video_location":[],"csco_post_video_location_hash":"","csco_post_video_url":"","csco_post_video_bg_start_time":0,"csco_post_video_bg_end_time":0,"footnotes":""},"categories":[9670],"tags":[97],"class_list":{"0":"post-49116","1":"post","2":"type-post","3":"status-publish","4":"format-standard","5":"has-post-thumbnail","7":"category-tv","8":"tag-polsat","9":"cs-entry","10":"cs-video-wrap"},"_links":{"self":[{"href":"https:\/\/mediarun.com\/pl\/wp-json\/wp\/v2\/posts\/49116","targetHints":{"allow":["GET"]}}],"collection":[{"href":"https:\/\/mediarun.com\/pl\/wp-json\/wp\/v2\/posts"}],"about":[{"href":"https:\/\/mediarun.com\/pl\/wp-json\/wp\/v2\/types\/post"}],"author":[{"embeddable":true,"href":"https:\/\/mediarun.com\/pl\/wp-json\/wp\/v2\/users\/1"}],"replies":[{"embeddable":true,"href":"https:\/\/mediarun.com\/pl\/wp-json\/wp\/v2\/comments?post=49116"}],"version-history":[{"count":0,"href":"https:\/\/mediarun.com\/pl\/wp-json\/wp\/v2\/posts\/49116\/revisions"}],"wp:featuredmedia":[{"embeddable":true,"href":"https:\/\/mediarun.com\/pl\/wp-json\/wp\/v2\/media\/49117"}],"wp:attachment":[{"href":"https:\/\/mediarun.com\/pl\/wp-json\/wp\/v2\/media?parent=49116"}],"wp:term":[{"taxonomy":"category","embeddable":true,"href":"https:\/\/mediarun.com\/pl\/wp-json\/wp\/v2\/categories?post=49116"},{"taxonomy":"post_tag","embeddable":true,"href":"https:\/\/mediarun.com\/pl\/wp-json\/wp\/v2\/tags?post=49116"}],"curies":[{"name":"wp","href":"https:\/\/api.w.org\/{rel}","templated":true}]}}