{"id":49094,"date":"2008-07-02T10:50:45","date_gmt":"2008-07-02T08:50:45","guid":{"rendered":"https:\/\/mediarun.com\/index.php\/news-posts\/druga-seria-teraz-albo-nigdy-z-arciuch-i-bosak\/"},"modified":"2008-07-02T10:50:45","modified_gmt":"2008-07-02T08:50:45","slug":"druga-seria-teraz-albo-nigdy-z-arciuch-i-bosak","status":"publish","type":"post","link":"https:\/\/mediarun.com\/pl\/media\/tv\/druga-seria-teraz-albo-nigdy-z-arciuch-i-bosak.html","title":{"rendered":"Druga seria &#8222;Teraz albo nigdy!&#8221; z Arciuch i Bosak"},"content":{"rendered":"<p>Prace nad drug\u0105 seri\u0105 zacz\u0119\u0142y si\u0119 22 czerwca. Zdj\u0119cia robione b\u0119d\u0105 g\u0142&oacute;wnie w Warszawie, a tak\u017ce Krakowie i Zakopanem. Do znanej z pierwszego sezonu obsady dojdzie kilka nowych os&oacute;b, mi\u0119dzy innymi Tamara Arciuch i Anna Bosak.<\/p>\n<p>Pierwsza, licz\u0105ca trzyna\u015bcie odcink&oacute;w seria &#8222;Teraz albo nigdy!&#8221; nadawana by\u0142a w niedzielne wieczory od 30 marca do 22 czerwca. Ka\u017cdy z odcink&oacute;w, wed\u0142ug danych AGB Nielsen Media Research, przyci\u0105gn\u0105\u0142 \u015brednio 2,98 mln widz&oacute;w. W wakacje TVN b\u0119dzie emitowa\u0107 powt&oacute;rki.<\/p>\n","protected":false},"excerpt":{"rendered":"1 lipca rozpocz\u0119\u0142y si\u0119 zdj\u0119cia do drugiej serii &#8222;Teraz albo nigdy!&#8221;.","protected":false},"author":1,"featured_media":49095,"comment_status":"open","ping_status":"closed","sticky":false,"template":"","format":"standard","meta":{"csco_display_header_overlay":false,"csco_singular_sidebar":"","csco_page_header_type":"","csco_page_load_nextpost":"","csco_post_video_location":[],"csco_post_video_location_hash":"","csco_post_video_url":"","csco_post_video_bg_start_time":0,"csco_post_video_bg_end_time":0,"footnotes":""},"categories":[9670],"tags":[98],"class_list":{"0":"post-49094","1":"post","2":"type-post","3":"status-publish","4":"format-standard","5":"has-post-thumbnail","7":"category-tv","8":"tag-tvn","9":"cs-entry","10":"cs-video-wrap"},"_links":{"self":[{"href":"https:\/\/mediarun.com\/pl\/wp-json\/wp\/v2\/posts\/49094","targetHints":{"allow":["GET"]}}],"collection":[{"href":"https:\/\/mediarun.com\/pl\/wp-json\/wp\/v2\/posts"}],"about":[{"href":"https:\/\/mediarun.com\/pl\/wp-json\/wp\/v2\/types\/post"}],"author":[{"embeddable":true,"href":"https:\/\/mediarun.com\/pl\/wp-json\/wp\/v2\/users\/1"}],"replies":[{"embeddable":true,"href":"https:\/\/mediarun.com\/pl\/wp-json\/wp\/v2\/comments?post=49094"}],"version-history":[{"count":0,"href":"https:\/\/mediarun.com\/pl\/wp-json\/wp\/v2\/posts\/49094\/revisions"}],"wp:featuredmedia":[{"embeddable":true,"href":"https:\/\/mediarun.com\/pl\/wp-json\/wp\/v2\/media\/49095"}],"wp:attachment":[{"href":"https:\/\/mediarun.com\/pl\/wp-json\/wp\/v2\/media?parent=49094"}],"wp:term":[{"taxonomy":"category","embeddable":true,"href":"https:\/\/mediarun.com\/pl\/wp-json\/wp\/v2\/categories?post=49094"},{"taxonomy":"post_tag","embeddable":true,"href":"https:\/\/mediarun.com\/pl\/wp-json\/wp\/v2\/tags?post=49094"}],"curies":[{"name":"wp","href":"https:\/\/api.w.org\/{rel}","templated":true}]}}