{"id":49081,"date":"2008-07-02T13:03:30","date_gmt":"2008-07-02T11:03:30","guid":{"rendered":"https:\/\/mediarun.com\/index.php\/news-posts\/t-love-na-festiwalu-toptrendy\/"},"modified":"2008-07-02T13:03:30","modified_gmt":"2008-07-02T11:03:30","slug":"t-love-na-festiwalu-toptrendy","status":"publish","type":"post","link":"https:\/\/mediarun.com\/pl\/media\/tv\/t-love-na-festiwalu-toptrendy.html","title":{"rendered":"T.Love na festiwalu TOPtrendy"},"content":{"rendered":"<p>Obok muzyk&oacute;w z aktualnego sk\u0142adu wyst\u0105pi\u0105 r&oacute;wnie\u017c byli cz\u0142onkowie zespo\u0142u, czyli Andrzej Ze\u0144czewski, Janek Benedek, Jacek &#8222;Perkoz&#8221; Perkowski oraz Janek Knorowski, a tak\u017ce Adam Nowak z Raz Dwa Trzy i Stanis\u0142aw Sojka.<\/p>\n<p>Wyst\u0119p b\u0119dzie trwa\u0142 oko\u0142o godziny i rozpocznie si\u0119 po koncercie TOP, podczas kt&oacute;rego wyst\u0105pi\u0105 Doda, Feel, Edyta G&oacute;rniak, Anna Maria Jopek, KOMBII, Krzysztof Krawczyk, Raz Dwa Trzy, Smolik oraz Waglewski &amp; Male\u0144czuk.<\/p>\n<p>Oba koncerty b\u0119dzie mo\u017cna zobaczy\u0107 w pi\u0105tek wieczorem, 4 lipca, w Polsacie.<\/p>\n","protected":false},"excerpt":{"rendered":"Podczas pierwszego dnia festiwalu TOPtrendy z koncertem z okazji 25-lecia pracy artystycznej wyst\u0105pi zesp&oacute;\u0142 T.Love.","protected":false},"author":1,"featured_media":49082,"comment_status":"open","ping_status":"closed","sticky":false,"template":"","format":"standard","meta":{"csco_display_header_overlay":false,"csco_singular_sidebar":"","csco_page_header_type":"","csco_page_load_nextpost":"","csco_post_video_location":[],"csco_post_video_location_hash":"","csco_post_video_url":"","csco_post_video_bg_start_time":0,"csco_post_video_bg_end_time":0,"footnotes":""},"categories":[9670],"tags":[97],"class_list":{"0":"post-49081","1":"post","2":"type-post","3":"status-publish","4":"format-standard","5":"has-post-thumbnail","7":"category-tv","8":"tag-polsat","9":"cs-entry","10":"cs-video-wrap"},"_links":{"self":[{"href":"https:\/\/mediarun.com\/pl\/wp-json\/wp\/v2\/posts\/49081","targetHints":{"allow":["GET"]}}],"collection":[{"href":"https:\/\/mediarun.com\/pl\/wp-json\/wp\/v2\/posts"}],"about":[{"href":"https:\/\/mediarun.com\/pl\/wp-json\/wp\/v2\/types\/post"}],"author":[{"embeddable":true,"href":"https:\/\/mediarun.com\/pl\/wp-json\/wp\/v2\/users\/1"}],"replies":[{"embeddable":true,"href":"https:\/\/mediarun.com\/pl\/wp-json\/wp\/v2\/comments?post=49081"}],"version-history":[{"count":0,"href":"https:\/\/mediarun.com\/pl\/wp-json\/wp\/v2\/posts\/49081\/revisions"}],"wp:featuredmedia":[{"embeddable":true,"href":"https:\/\/mediarun.com\/pl\/wp-json\/wp\/v2\/media\/49082"}],"wp:attachment":[{"href":"https:\/\/mediarun.com\/pl\/wp-json\/wp\/v2\/media?parent=49081"}],"wp:term":[{"taxonomy":"category","embeddable":true,"href":"https:\/\/mediarun.com\/pl\/wp-json\/wp\/v2\/categories?post=49081"},{"taxonomy":"post_tag","embeddable":true,"href":"https:\/\/mediarun.com\/pl\/wp-json\/wp\/v2\/tags?post=49081"}],"curies":[{"name":"wp","href":"https:\/\/api.w.org\/{rel}","templated":true}]}}