{"id":49071,"date":"2008-07-02T14:29:19","date_gmt":"2008-07-02T12:29:19","guid":{"rendered":"https:\/\/mediarun.com\/index.php\/news-posts\/gj-prostuje-informacje-o-urlopie-malickiej\/"},"modified":"2008-07-02T14:29:19","modified_gmt":"2008-07-02T12:29:19","slug":"gj-prostuje-informacje-o-urlopie-malickiej","status":"publish","type":"post","link":"https:\/\/mediarun.com\/pl\/media\/prasa\/gj-prostuje-informacje-o-urlopie-malickiej.html","title":{"rendered":"G+J prostuje informacje o urlopie Malickiej"},"content":{"rendered":"<p>W <a href=\"http:\/\/press.pl\/newsy\/pokaz.php?id=15254\" target=\"_blank\" rel=\"noopener\">swojej porannej wiadomo\u015bci<\/a> Press powo\u0142ywa\u0142 si\u0119 na \u017ar&oacute;d\u0142a wewn\u0105trz wydawnictwa, kt&oacute;re twierdzi\u0142y, \u017ce trzymiesi\u0119czny urlop to zapowiedzied\u017a odwo\u0142ania Malickiej ze stanowiska z powodu niezadowalaj\u0105cych wynik&oacute;w sp&oacute;\u0142ki.<\/p>\n<p>W odpowiedzi wydawnictwo rozes\u0142a\u0142o do medi&oacute;w list prezesa G+J International, Torstena-Joerna Kleina, skierowany do pracownik&oacute;w wydawnictwa, w kt&oacute;rym Klein zapewnia, \u017ce zar&oacute;wno on, jak i zarz\u0105d G+J s\u0105 zadowoleni z pracy i wynik&oacute;w Malickiej, a jej kadencja jako prezesa wydawnictwa jest zaplanowana na d\u0142ugi czas.<\/p>\n<p>Wydawnictwo G+J rozwa\u017ca podj\u0119cie \u015brodk&oacute;w prawnych wobec magazynu Press twierdz\u0105c, \u017ce podana przez nich informacja by\u0142a &#8222;nierzetelna&#8221; i &#8222;naruszaj\u0105ca dobre imi\u0119 firmy oraz prezes Magdaleny Malickiej&#8221;.<\/p>\n","protected":false},"excerpt":{"rendered":"Wydawnictwo G+J sprostowa\u0142o dzisiejsz\u0105 informacje Pressu o powodach urlopu prezes wydawnictwa, Magdaleny Malickiej.","protected":false},"author":1,"featured_media":49072,"comment_status":"open","ping_status":"closed","sticky":false,"template":"","format":"standard","meta":{"csco_display_header_overlay":false,"csco_singular_sidebar":"","csco_page_header_type":"","csco_page_load_nextpost":"","csco_post_video_location":[],"csco_post_video_location_hash":"","csco_post_video_url":"","csco_post_video_bg_start_time":0,"csco_post_video_bg_end_time":0,"footnotes":""},"categories":[9673],"tags":[95,1142],"class_list":{"0":"post-49071","1":"post","2":"type-post","3":"status-publish","4":"format-standard","5":"has-post-thumbnail","7":"category-prasa","8":"tag-gj","9":"tag-press","10":"cs-entry","11":"cs-video-wrap"},"_links":{"self":[{"href":"https:\/\/mediarun.com\/pl\/wp-json\/wp\/v2\/posts\/49071","targetHints":{"allow":["GET"]}}],"collection":[{"href":"https:\/\/mediarun.com\/pl\/wp-json\/wp\/v2\/posts"}],"about":[{"href":"https:\/\/mediarun.com\/pl\/wp-json\/wp\/v2\/types\/post"}],"author":[{"embeddable":true,"href":"https:\/\/mediarun.com\/pl\/wp-json\/wp\/v2\/users\/1"}],"replies":[{"embeddable":true,"href":"https:\/\/mediarun.com\/pl\/wp-json\/wp\/v2\/comments?post=49071"}],"version-history":[{"count":0,"href":"https:\/\/mediarun.com\/pl\/wp-json\/wp\/v2\/posts\/49071\/revisions"}],"wp:featuredmedia":[{"embeddable":true,"href":"https:\/\/mediarun.com\/pl\/wp-json\/wp\/v2\/media\/49072"}],"wp:attachment":[{"href":"https:\/\/mediarun.com\/pl\/wp-json\/wp\/v2\/media?parent=49071"}],"wp:term":[{"taxonomy":"category","embeddable":true,"href":"https:\/\/mediarun.com\/pl\/wp-json\/wp\/v2\/categories?post=49071"},{"taxonomy":"post_tag","embeddable":true,"href":"https:\/\/mediarun.com\/pl\/wp-json\/wp\/v2\/tags?post=49071"}],"curies":[{"name":"wp","href":"https:\/\/api.w.org\/{rel}","templated":true}]}}