{"id":49057,"date":"2008-07-02T16:05:47","date_gmt":"2008-07-02T14:05:47","guid":{"rendered":"https:\/\/mediarun.com\/index.php\/news-posts\/metro-ekopozytywne\/"},"modified":"2008-07-02T16:05:47","modified_gmt":"2008-07-02T14:05:47","slug":"metro-ekopozytywne","status":"publish","type":"post","link":"https:\/\/mediarun.com\/pl\/media\/prasa\/metro-ekopozytywne.html","title":{"rendered":"Metro &#8222;ekopozytywne&#8221;"},"content":{"rendered":"<p>W tym roku akcja b\u0119dzie skupia\u0107 si\u0119 na trzech przewodnich tematach: M&oacute;j dom &#8211; edukuje, jak dba\u0107 o ekologi\u0119 w miejscu zamieszkania; Moja ulica &#8211; zach\u0119ca do troski o najbli\u017csze otoczenie oraz korzystanie z komunikacji miejskiej; Moje miasto &#8211; informuje o dzia\u0142aniach mog\u0105cych wp\u0142yn\u0105\u0107 na podwy\u017cszenie ekologicznego poziomu \u017cycia w mie\u015bcie.<\/p>\n<p>W ramach kampanii zorganizowano dwa konkursy. Ekopozytywni to konkurs skierowany do czytelnik&oacute;w, kt&oacute;rzy \u017cyj\u0105 ekologicznie i inspiruj\u0105 takie dzia\u0142ania w swoim otoczeniu. Spo\u015br&oacute;d nades\u0142anych list&oacute;w prezentuj\u0105cych proekologiczne dzia\u0142ania, redakcja Metra wy\u0142oni pi\u0119ciu zwyci\u0119zc&oacute;w. Trafi\u0105 do nich r&oacute;wnorz\u0119dne nagrody: rowery miejskie oraz zaproszenie na kr&oacute;tki sta\u017c do redakcji. Wybrani czytelnicy zredaguj\u0105 specjalne, ekologiczne wydanie dziennika.<\/p>\n<p>W drugim konkursie wybrany b\u0119dzie najlepszy znak graficzny lub has\u0142o proekologiczne &#8211; zwyci\u0119ski projekt zostanie wydrukowany na torbach wielokrotnego u\u017cytku, kt&oacute;re b\u0119d\u0105 rozdawane wraz z Metrem 2 sierpnia w najwi\u0119kszych polskich miastach.<\/p>\n<p>Kampania obejmie no\u015bniki reklamy zewn\u0119trznej, reklamy prasowe w Gazecie Wyborczej, kampani\u0119 internetow\u0105 w portalu Gazeta.pl oraz nadruki na kamizelkach i w&oacute;zkach kolporter&oacute;w Metra. Akcj\u0119 dziennika wspiera Tele2.<\/p>\n<p>Za przygotowanie kreacji kampanii odpowiada agencja VA Strategic Communications.<\/p>\n","protected":false},"excerpt":{"rendered":"Pod has\u0142em &#8222;Ekopozytywni&#8221; ruszy\u0142a kampania reklamowa drugiej edycji ekologicznej akcji dziennika Metro.","protected":false},"author":1,"featured_media":49058,"comment_status":"open","ping_status":"closed","sticky":false,"template":"","format":"standard","meta":{"csco_display_header_overlay":false,"csco_singular_sidebar":"","csco_page_header_type":"","csco_page_load_nextpost":"","csco_post_video_location":[],"csco_post_video_location_hash":"","csco_post_video_url":"","csco_post_video_bg_start_time":0,"csco_post_video_bg_end_time":0,"footnotes":""},"categories":[9673],"tags":[422],"class_list":{"0":"post-49057","1":"post","2":"type-post","3":"status-publish","4":"format-standard","5":"has-post-thumbnail","7":"category-prasa","8":"tag-metro","9":"cs-entry","10":"cs-video-wrap"},"_links":{"self":[{"href":"https:\/\/mediarun.com\/pl\/wp-json\/wp\/v2\/posts\/49057","targetHints":{"allow":["GET"]}}],"collection":[{"href":"https:\/\/mediarun.com\/pl\/wp-json\/wp\/v2\/posts"}],"about":[{"href":"https:\/\/mediarun.com\/pl\/wp-json\/wp\/v2\/types\/post"}],"author":[{"embeddable":true,"href":"https:\/\/mediarun.com\/pl\/wp-json\/wp\/v2\/users\/1"}],"replies":[{"embeddable":true,"href":"https:\/\/mediarun.com\/pl\/wp-json\/wp\/v2\/comments?post=49057"}],"version-history":[{"count":0,"href":"https:\/\/mediarun.com\/pl\/wp-json\/wp\/v2\/posts\/49057\/revisions"}],"wp:featuredmedia":[{"embeddable":true,"href":"https:\/\/mediarun.com\/pl\/wp-json\/wp\/v2\/media\/49058"}],"wp:attachment":[{"href":"https:\/\/mediarun.com\/pl\/wp-json\/wp\/v2\/media?parent=49057"}],"wp:term":[{"taxonomy":"category","embeddable":true,"href":"https:\/\/mediarun.com\/pl\/wp-json\/wp\/v2\/categories?post=49057"},{"taxonomy":"post_tag","embeddable":true,"href":"https:\/\/mediarun.com\/pl\/wp-json\/wp\/v2\/tags?post=49057"}],"curies":[{"name":"wp","href":"https:\/\/api.w.org\/{rel}","templated":true}]}}