{"id":49028,"date":"2008-07-03T14:17:05","date_gmt":"2008-07-03T12:17:05","guid":{"rendered":"https:\/\/mediarun.com\/index.php\/news-posts\/redaktorzy-domowi-z-mediow-regionalnych\/"},"modified":"2008-07-03T14:17:05","modified_gmt":"2008-07-03T12:17:05","slug":"redaktorzy-domowi-z-mediow-regionalnych","status":"publish","type":"post","link":"https:\/\/mediarun.com\/pl\/media\/prasa\/redaktorzy-domowi-z-mediow-regionalnych.html","title":{"rendered":"Redaktorzy domowi z Medi\u00f3w Regionalnych"},"content":{"rendered":"<p>Czytelnicy mog\u0105 zadzwoni\u0107 do redakcji i um&oacute;wi\u0107 si\u0119 z dziennikarzem na wizyt\u0119 domow\u0105, podczas kt&oacute;rej lokalna spo\u0142eczno\u015b\u0107 dzieli si\u0119 bie\u017c\u0105cymi problemami, kt&oacute;re zostaj\u0105 nast\u0119pnie poruszone na \u0142amach gazet. Redaktorzy domowi przeszli najpierw cykl szkole\u0144 z komunikacji i nawi\u0105zywania kontaktu z trudnymi rozm&oacute;wcami.<\/p>\n<p>Opr&oacute;cz tego, we wszystkich tytu\u0142ach prasowych wydawnictwa s\u0105 organizowane dni otwarte, podczas kt&oacute;rych czytelnicy mog\u0105 zobaczy\u0107, jak pracuje redakcja pisma, a tak\u017ce zg\u0142osi\u0107 w\u0142asne tematy artyku\u0142&oacute;w.<\/p>\n","protected":false},"excerpt":{"rendered":"Media Regionalne w ramach projektu &#8222;Akcja Re(d)akcja&#8221; przeprowadzaj\u0105 dzia\u0142ania zbli\u017caj\u0105ce czytelnika do tytu\u0142&oacute;w prasowych tego wydawnictwa.","protected":false},"author":1,"featured_media":49029,"comment_status":"open","ping_status":"closed","sticky":false,"template":"","format":"standard","meta":{"csco_display_header_overlay":false,"csco_singular_sidebar":"","csco_page_header_type":"","csco_page_load_nextpost":"","csco_post_video_location":[],"csco_post_video_location_hash":"","csco_post_video_url":"","csco_post_video_bg_start_time":0,"csco_post_video_bg_end_time":0,"footnotes":""},"categories":[9673],"tags":[187],"class_list":{"0":"post-49028","1":"post","2":"type-post","3":"status-publish","4":"format-standard","5":"has-post-thumbnail","7":"category-prasa","8":"tag-media-regionalne","9":"cs-entry","10":"cs-video-wrap"},"_links":{"self":[{"href":"https:\/\/mediarun.com\/pl\/wp-json\/wp\/v2\/posts\/49028","targetHints":{"allow":["GET"]}}],"collection":[{"href":"https:\/\/mediarun.com\/pl\/wp-json\/wp\/v2\/posts"}],"about":[{"href":"https:\/\/mediarun.com\/pl\/wp-json\/wp\/v2\/types\/post"}],"author":[{"embeddable":true,"href":"https:\/\/mediarun.com\/pl\/wp-json\/wp\/v2\/users\/1"}],"replies":[{"embeddable":true,"href":"https:\/\/mediarun.com\/pl\/wp-json\/wp\/v2\/comments?post=49028"}],"version-history":[{"count":0,"href":"https:\/\/mediarun.com\/pl\/wp-json\/wp\/v2\/posts\/49028\/revisions"}],"wp:featuredmedia":[{"embeddable":true,"href":"https:\/\/mediarun.com\/pl\/wp-json\/wp\/v2\/media\/49029"}],"wp:attachment":[{"href":"https:\/\/mediarun.com\/pl\/wp-json\/wp\/v2\/media?parent=49028"}],"wp:term":[{"taxonomy":"category","embeddable":true,"href":"https:\/\/mediarun.com\/pl\/wp-json\/wp\/v2\/categories?post=49028"},{"taxonomy":"post_tag","embeddable":true,"href":"https:\/\/mediarun.com\/pl\/wp-json\/wp\/v2\/tags?post=49028"}],"curies":[{"name":"wp","href":"https:\/\/api.w.org\/{rel}","templated":true}]}}