{"id":4899,"date":"2012-09-09T12:32:47","date_gmt":"2012-09-09T10:32:47","guid":{"rendered":"https:\/\/mediarun.com\/index.php\/news-posts\/polska-moldawia-za-20-zl-w-ppv-cyfrowego-polsatu-i-ipla\/"},"modified":"2012-09-09T12:32:47","modified_gmt":"2012-09-09T10:32:47","slug":"polska-moldawia-za-20-zl-w-ppv-cyfrowego-polsatu-i-ipla","status":"publish","type":"post","link":"https:\/\/mediarun.com\/pl\/media\/tv\/polska-moldawia-za-20-zl-w-ppv-cyfrowego-polsatu-i-ipla.html","title":{"rendered":"Polska &#8211; Mo\u0142dawia za 20 z\u0142 w PPV Cyfrowego Polsatu i ipla"},"content":{"rendered":"<p>Dost\u0119p do wydarzenia na \u017cywo w jako\u015bci SD albo HD, podobnie jak w przypadku pierwszego meczu Czarnog&oacute;ra &#8211; Polska, kosztuje 20 z\u0142, a zam&oacute;wienia mo\u017cna sk\u0142ada\u0107 ju\u017c od dzisiaj.<\/p>\n<p>Mecz Polska &#8211; Mo\u0142dawia b\u0119dzie dost\u0119pny na kanale 49 w standardowej rozdzielczo\u015bci i na pozycji 123 w jako\u015bci HD.<\/p>\n<p>Wtorkowe spotkanie rozpocznie si\u0119 o godz. 18.15 studiem meczowym, dost\u0119pnym tak\u017ce na antenie Polsatu Sport. Mecz b\u0119dzie komentowa\u0142 duet: Mateusz Borek i Roman Ko\u0142to\u0144.<\/p>\n<p>Wydarzenie w telewizji b\u0119d\u0105 mogli obejrze\u0107 wszyscy abonenci i u\u017cytkownicy Cyfrowego Polsatu &#8211; tak\u017ce Ci korzystaj\u0105cy z dost\u0119pu do bezp\u0142atnych kana\u0142&oacute;w telewizyjnych za po\u015brednictwem dekoder&oacute;w operatora.<\/p>\n<p>Prawa do pokazania spotkania Polska &#8211; Mo\u0142dawia online uzyska\u0142a r&oacute;wnie\u017c telewizja internetowa ipla, kt&oacute;ra udost\u0119pni sygna\u0142 zar&oacute;wno za pomoc\u0105 strony ipla.tv, jak i aplikacji na komputery z systemem Windows. Podobnie jak w PPV na telewizor, dost\u0119p do meczu online, zar&oacute;wno w jako\u015bci SD, jak i HD, oferowany jest w cenie 20 z\u0142, a w dniu rozgrywek od godz. 18.15 u\u017cytkownicy b\u0119d\u0105 mogli \u015bledzi\u0107 studio meczowe.<\/p>\n<p>Spotkanie dost\u0119pne b\u0119dzie tylko dla internaut&oacute;w na terenie Polski.<\/p>\n","protected":false},"excerpt":{"rendered":"Mecz z dru\u017cyn\u0105 Mo\u0142dawii, kt&oacute;ry reprezentacja Polski rozegra 11 wrze\u015bnia, b\u0119dzie mo\u017cna obejrze\u0107 w systemie pay-per-view Cyfrowego Polsatu i telewizji ipla.","protected":false},"author":1,"featured_media":4900,"comment_status":"open","ping_status":"closed","sticky":false,"template":"","format":"standard","meta":{"csco_display_header_overlay":false,"csco_singular_sidebar":"","csco_page_header_type":"","csco_page_load_nextpost":"","csco_post_video_location":[],"csco_post_video_location_hash":"","csco_post_video_url":"","csco_post_video_bg_start_time":0,"csco_post_video_bg_end_time":0,"footnotes":""},"categories":[9670],"tags":[332,421],"class_list":{"0":"post-4899","1":"post","2":"type-post","3":"status-publish","4":"format-standard","5":"has-post-thumbnail","7":"category-tv","8":"tag-cyfrowy-polsat","9":"tag-ipla","10":"cs-entry","11":"cs-video-wrap"},"_links":{"self":[{"href":"https:\/\/mediarun.com\/pl\/wp-json\/wp\/v2\/posts\/4899","targetHints":{"allow":["GET"]}}],"collection":[{"href":"https:\/\/mediarun.com\/pl\/wp-json\/wp\/v2\/posts"}],"about":[{"href":"https:\/\/mediarun.com\/pl\/wp-json\/wp\/v2\/types\/post"}],"author":[{"embeddable":true,"href":"https:\/\/mediarun.com\/pl\/wp-json\/wp\/v2\/users\/1"}],"replies":[{"embeddable":true,"href":"https:\/\/mediarun.com\/pl\/wp-json\/wp\/v2\/comments?post=4899"}],"version-history":[{"count":0,"href":"https:\/\/mediarun.com\/pl\/wp-json\/wp\/v2\/posts\/4899\/revisions"}],"wp:featuredmedia":[{"embeddable":true,"href":"https:\/\/mediarun.com\/pl\/wp-json\/wp\/v2\/media\/4900"}],"wp:attachment":[{"href":"https:\/\/mediarun.com\/pl\/wp-json\/wp\/v2\/media?parent=4899"}],"wp:term":[{"taxonomy":"category","embeddable":true,"href":"https:\/\/mediarun.com\/pl\/wp-json\/wp\/v2\/categories?post=4899"},{"taxonomy":"post_tag","embeddable":true,"href":"https:\/\/mediarun.com\/pl\/wp-json\/wp\/v2\/tags?post=4899"}],"curies":[{"name":"wp","href":"https:\/\/api.w.org\/{rel}","templated":true}]}}