{"id":48951,"date":"2008-07-07T12:37:50","date_gmt":"2008-07-07T10:37:50","guid":{"rendered":"https:\/\/mediarun.com\/index.php\/news-posts\/tvp-poznan-patronem-kolejorza\/"},"modified":"2008-07-07T12:37:50","modified_gmt":"2008-07-07T10:37:50","slug":"tvp-poznan-patronem-kolejorza","status":"publish","type":"post","link":"https:\/\/mediarun.com\/pl\/media\/tv\/tvp-poznan-patronem-kolejorza.html","title":{"rendered":"TVP Pozna\u0144 patronem Kolejorza"},"content":{"rendered":"<p>W ramach patronatu na antenie TVP Pozna\u0144 b\u0119d\u0105 ukazywa\u0107 si\u0119 co tydzie\u0144 dwa programy. W czwartki o 18.35 b\u0119dzie to &#8222;Kolejorz Gol!&#8221;, emitowany na \u017cywo i znale\u017a\u0107 w nim b\u0119dzie mo\u017cna wywiady z osobami zwi\u0105zanymi z zespo\u0142em, relacje ze zgrupowa\u0144 oraz komentarze. W niedziele o 19.55 obejrze\u0107 b\u0119dzie mo\u017cna &#8222;Kolejorz Gol &#8211; flesz&#8221;, podsumowuj\u0105cy wydarzenia minionego tygodnia.<\/p>\n<p>Dzia\u0142ania ze strony klubu obejmuj\u0105 umieszczenie loga TVP Pozna\u0144 na biletach, stadionie oraz w internecie. Emisja pierwszych program&oacute;w odb\u0119dzie si\u0119 24 i 27 lipca.<\/p>\n","protected":false},"excerpt":{"rendered":"Pozna\u0144ski oddzia\u0142 telewizji publicznej zosta\u0142 patronem medialnym KKS Lech Pozna\u0144.","protected":false},"author":1,"featured_media":48952,"comment_status":"open","ping_status":"closed","sticky":false,"template":"","format":"standard","meta":{"csco_display_header_overlay":false,"csco_singular_sidebar":"","csco_page_header_type":"","csco_page_load_nextpost":"","csco_post_video_location":[],"csco_post_video_location_hash":"","csco_post_video_url":"","csco_post_video_bg_start_time":0,"csco_post_video_bg_end_time":0,"footnotes":""},"categories":[9670],"tags":[2908],"class_list":{"0":"post-48951","1":"post","2":"type-post","3":"status-publish","4":"format-standard","5":"has-post-thumbnail","7":"category-tv","8":"tag-tvp-poznan","9":"cs-entry","10":"cs-video-wrap"},"_links":{"self":[{"href":"https:\/\/mediarun.com\/pl\/wp-json\/wp\/v2\/posts\/48951","targetHints":{"allow":["GET"]}}],"collection":[{"href":"https:\/\/mediarun.com\/pl\/wp-json\/wp\/v2\/posts"}],"about":[{"href":"https:\/\/mediarun.com\/pl\/wp-json\/wp\/v2\/types\/post"}],"author":[{"embeddable":true,"href":"https:\/\/mediarun.com\/pl\/wp-json\/wp\/v2\/users\/1"}],"replies":[{"embeddable":true,"href":"https:\/\/mediarun.com\/pl\/wp-json\/wp\/v2\/comments?post=48951"}],"version-history":[{"count":0,"href":"https:\/\/mediarun.com\/pl\/wp-json\/wp\/v2\/posts\/48951\/revisions"}],"wp:featuredmedia":[{"embeddable":true,"href":"https:\/\/mediarun.com\/pl\/wp-json\/wp\/v2\/media\/48952"}],"wp:attachment":[{"href":"https:\/\/mediarun.com\/pl\/wp-json\/wp\/v2\/media?parent=48951"}],"wp:term":[{"taxonomy":"category","embeddable":true,"href":"https:\/\/mediarun.com\/pl\/wp-json\/wp\/v2\/categories?post=48951"},{"taxonomy":"post_tag","embeddable":true,"href":"https:\/\/mediarun.com\/pl\/wp-json\/wp\/v2\/tags?post=48951"}],"curies":[{"name":"wp","href":"https:\/\/api.w.org\/{rel}","templated":true}]}}