{"id":48736,"date":"2008-07-10T16:43:23","date_gmt":"2008-07-10T14:43:23","guid":{"rendered":"https:\/\/mediarun.com\/index.php\/news-posts\/tvp-info-o-deficycie-wody\/"},"modified":"2008-07-10T16:43:23","modified_gmt":"2008-07-10T14:43:23","slug":"tvp-info-o-deficycie-wody","status":"publish","type":"post","link":"https:\/\/mediarun.com\/pl\/media\/tv\/tvp-info-o-deficycie-wody.html","title":{"rendered":"TVP info o deficycie wody"},"content":{"rendered":"<p>Poruszone zostan\u0105 takie tematy, jak: degradacja polskiego \u015brodowiska, bilans wodny, w\u0142a\u015bciwe gospodarowanie zasobami, wp\u0142yw brak&oacute;w wody na gospodark\u0119 i straty w rolnictwie. Do studia zostan\u0105 zaproszeni go\u015bcie, m.in.  Marek Sawicki &#8211; Minister Rolnictwa, Maciej Nowak &#8211; Minister \u015arodowiska, Mieczys\u0142aw S. Ostojski &#8211; Dyrektor Instytutu Meteorologii i Gospodarki Wodnej oraz eksperci z zakresu hydrologii, ekologii, jak i sami mieszka\u0144cy zagro\u017conych teren&oacute;w.<\/p>\n<p>Dodatkowo tego samego dnia projekt zostanie poruszony r&oacute;wnie\u017c w innych serwisach informacyjnych TVP: Teleexpresie, Panoramie oraz Wiadomo\u015bciach.<\/p>\n<p>&nbsp;<\/p>\n","protected":false},"excerpt":{"rendered":"13 lipca TVP Info po\u015bwi\u0119ci ca\u0142y dzie\u0144 na programy traktuj\u0105ce o deficycie zasob&oacute;w wodnych w Polsce.","protected":false},"author":1,"featured_media":48737,"comment_status":"open","ping_status":"closed","sticky":false,"template":"","format":"standard","meta":{"csco_display_header_overlay":false,"csco_singular_sidebar":"","csco_page_header_type":"","csco_page_load_nextpost":"","csco_post_video_location":[],"csco_post_video_location_hash":"","csco_post_video_url":"","csco_post_video_bg_start_time":0,"csco_post_video_bg_end_time":0,"footnotes":""},"categories":[9670],"tags":[1195],"class_list":{"0":"post-48736","1":"post","2":"type-post","3":"status-publish","4":"format-standard","5":"has-post-thumbnail","7":"category-tv","8":"tag-tvp-info","9":"cs-entry","10":"cs-video-wrap"},"_links":{"self":[{"href":"https:\/\/mediarun.com\/pl\/wp-json\/wp\/v2\/posts\/48736","targetHints":{"allow":["GET"]}}],"collection":[{"href":"https:\/\/mediarun.com\/pl\/wp-json\/wp\/v2\/posts"}],"about":[{"href":"https:\/\/mediarun.com\/pl\/wp-json\/wp\/v2\/types\/post"}],"author":[{"embeddable":true,"href":"https:\/\/mediarun.com\/pl\/wp-json\/wp\/v2\/users\/1"}],"replies":[{"embeddable":true,"href":"https:\/\/mediarun.com\/pl\/wp-json\/wp\/v2\/comments?post=48736"}],"version-history":[{"count":0,"href":"https:\/\/mediarun.com\/pl\/wp-json\/wp\/v2\/posts\/48736\/revisions"}],"wp:featuredmedia":[{"embeddable":true,"href":"https:\/\/mediarun.com\/pl\/wp-json\/wp\/v2\/media\/48737"}],"wp:attachment":[{"href":"https:\/\/mediarun.com\/pl\/wp-json\/wp\/v2\/media?parent=48736"}],"wp:term":[{"taxonomy":"category","embeddable":true,"href":"https:\/\/mediarun.com\/pl\/wp-json\/wp\/v2\/categories?post=48736"},{"taxonomy":"post_tag","embeddable":true,"href":"https:\/\/mediarun.com\/pl\/wp-json\/wp\/v2\/tags?post=48736"}],"curies":[{"name":"wp","href":"https:\/\/api.w.org\/{rel}","templated":true}]}}