{"id":48725,"date":"2008-07-11T12:20:03","date_gmt":"2008-07-11T10:20:03","guid":{"rendered":"https:\/\/mediarun.com\/index.php\/news-posts\/mam-talent-40-polfinalistow\/"},"modified":"2008-07-11T12:20:03","modified_gmt":"2008-07-11T10:20:03","slug":"mam-talent-40-polfinalistow","status":"publish","type":"post","link":"https:\/\/mediarun.com\/pl\/media\/tv\/mam-talent-40-polfinalistow.html","title":{"rendered":"&#8222;Mam Talent&#8221;: 40 p\u00f3\u0142finalist\u00f3w"},"content":{"rendered":"<p>Na przes\u0142uchania w  Gdyni, Katowicach, Poznaniu, we Wroc\u0142awiu i w Warszawie przysz\u0142o oko\u0142o 4 tys. os&oacute;b, z czego do nast\u0119pnego etapu wybrano 40 p&oacute;\u0142finalist&oacute;w.<\/p>\n<p>Wyboru dokona\u0142o jury w sk\u0142adzie: Agnieszka Chyli\u0144ska, Ma\u0142gorzata Foremniak i Kuba Wojew&oacute;dzki. Pierwsze pi\u0119\u0107 odcink&oacute;w b\u0119dzie opowiada\u0107 o przebiegu eliminacji w kolejnych miastach.<\/p>\n<p>Ka\u017cdy z uczestnik&oacute;w musi wykaza\u0107 si\u0119 posiadaniem jakiego\u015b szczeg&oacute;lnego talentu lub zdolno\u015bci. Na zwyci\u0119zc\u0119 czeka 100 tys. euro. Pierwsze odcinki zostan\u0105 wyemitowane po wakacjach.<\/p>\n<p>Program poprowadz\u0105 Szymon Ho\u0142ownia i Marcin Prokop.<\/p>\n","protected":false},"excerpt":{"rendered":"10 lipca zako\u0144czy\u0142 si\u0119 ostatni casting do nowego programu rozrywkowego TVN &#8222;Mam talent&#8221;.","protected":false},"author":1,"featured_media":48726,"comment_status":"open","ping_status":"closed","sticky":false,"template":"","format":"standard","meta":{"csco_display_header_overlay":false,"csco_singular_sidebar":"","csco_page_header_type":"","csco_page_load_nextpost":"","csco_post_video_location":[],"csco_post_video_location_hash":"","csco_post_video_url":"","csco_post_video_bg_start_time":0,"csco_post_video_bg_end_time":0,"footnotes":""},"categories":[9670],"tags":[98],"class_list":{"0":"post-48725","1":"post","2":"type-post","3":"status-publish","4":"format-standard","5":"has-post-thumbnail","7":"category-tv","8":"tag-tvn","9":"cs-entry","10":"cs-video-wrap"},"_links":{"self":[{"href":"https:\/\/mediarun.com\/pl\/wp-json\/wp\/v2\/posts\/48725","targetHints":{"allow":["GET"]}}],"collection":[{"href":"https:\/\/mediarun.com\/pl\/wp-json\/wp\/v2\/posts"}],"about":[{"href":"https:\/\/mediarun.com\/pl\/wp-json\/wp\/v2\/types\/post"}],"author":[{"embeddable":true,"href":"https:\/\/mediarun.com\/pl\/wp-json\/wp\/v2\/users\/1"}],"replies":[{"embeddable":true,"href":"https:\/\/mediarun.com\/pl\/wp-json\/wp\/v2\/comments?post=48725"}],"version-history":[{"count":0,"href":"https:\/\/mediarun.com\/pl\/wp-json\/wp\/v2\/posts\/48725\/revisions"}],"wp:featuredmedia":[{"embeddable":true,"href":"https:\/\/mediarun.com\/pl\/wp-json\/wp\/v2\/media\/48726"}],"wp:attachment":[{"href":"https:\/\/mediarun.com\/pl\/wp-json\/wp\/v2\/media?parent=48725"}],"wp:term":[{"taxonomy":"category","embeddable":true,"href":"https:\/\/mediarun.com\/pl\/wp-json\/wp\/v2\/categories?post=48725"},{"taxonomy":"post_tag","embeddable":true,"href":"https:\/\/mediarun.com\/pl\/wp-json\/wp\/v2\/tags?post=48725"}],"curies":[{"name":"wp","href":"https:\/\/api.w.org\/{rel}","templated":true}]}}